{"id":984,"date":"2026-02-21T08:29:29","date_gmt":"2026-02-21T10:29:29","guid":{"rendered":"https:\/\/www.encontraamparo.com.br\/sobre\/oab-sp-divulga-edital-para-atuacao-em-assistencia-judiciaria-em-sao-paulo\/"},"modified":"2026-02-21T08:29:29","modified_gmt":"2026-02-21T10:29:29","slug":"oab-sp-divulga-edital-para-atuacao-em-assistencia-judiciaria-em-sao-paulo","status":"publish","type":"post","link":"https:\/\/www.encontraamparo.com.br\/sobre\/oab-sp-divulga-edital-para-atuacao-em-assistencia-judiciaria-em-sao-paulo\/","title":{"rendered":"OAB SP divulga edital para atua\u00e7\u00e3o em assist\u00eancia judici\u00e1ria em S\u00e3o Paulo"},"content":{"rendered":"<div class=\"005b81288333650253a1d8c68cb614d0\" data-index=\"1\" style=\"float: none; margin:0px;\">\n<!-- Anuncio display - global -->\r\n<ins class=\"adsbygoogle\"\r\n     style=\"display:block\"\r\n     data-ad-client=\"ca-pub-8585364105181520\"\r\n     data-ad-slot=\"8789329856\"\r\n     data-ad-format=\"auto\"\r\n     data-full-width-responsive=\"true\"><\/ins>\r\n<script>\r\n     (adsbygoogle = window.adsbygoogle || []).push({});\r\n<\/script>\n<\/div>\n<h2>O que \u00e9 o Conv\u00eanio com a Defensoria P\u00fablica?<\/h2>\n<p>O <strong>Conv\u00eanio com a Defensoria P\u00fablica<\/strong> \u00e9 uma parceria estabelecida entre a <strong>Defensoria P\u00fablica do Estado de S\u00e3o Paulo<\/strong> e a <strong>OAB SP<\/strong> (Ordem dos Advogados do Brasil Se\u00e7\u00e3o S\u00e3o Paulo). O principal objetivo dessa colabora\u00e7\u00e3o \u00e9 oferecer atendimento jur\u00eddico de qualidade \u00e0 popula\u00e7\u00e3o que se encontra em situa\u00e7\u00e3o de vulnerabilidade social. Esta iniciativa busca garantir o acesso \u00e0 justi\u00e7a para todos, especialmente para aqueles que n\u00e3o t\u00eam condi\u00e7\u00f5es financeiras de arcar com os custos de uma defesa legal.<\/p>\n<h2>Quem Pode Se Inscrever?<\/h2>\n<p>Podem se inscrever todos os advogados e advogadas que estejam devidamente registrados e ativos na OAB. \u00c9 importante ressaltar que, para participar, n\u00e3o h\u00e1 restri\u00e7\u00f5es de participa\u00e7\u00e3o em edi\u00e7\u00f5es anteriores do conv\u00eanio; todos os profissionais, mesmo os que j\u00e1 atuaram em outras oportunidades, s\u00e3o bem-vindos para se inscrever ou revalidar sua participa\u00e7\u00e3o.<\/p>\n<h2>Como Fazer a Inscri\u00e7\u00e3o?<\/h2>\n<p>Os interessados em atuar no \u00e2mbito desse conv\u00eanio devem realizar a inscri\u00e7\u00e3o ou revalida\u00e7\u00e3o de sua participa\u00e7\u00e3o exclusivamente atrav\u00e9s do portal da <strong>Defensoria P\u00fablica do Estado de S\u00e3o Paulo<\/strong> em <a href=\"http:\/\/www.defensoria.sp.def.br\/\">www.defensoria.sp.def.br<\/a>. O processo de inscri\u00e7\u00e3o \u00e9 completamente online, facilitando o acesso para todos os advogados. O prazo para a conclus\u00e3o desse procedimento ser\u00e1 claramente indicado no edital publicado, onde os profissionais poder\u00e3o encontrar todas as orienta\u00e7\u00f5es necess\u00e1rias.<\/p>\n<p><img decoding=\"async\" src=\"https:\/\/www.encontraamparo.com.br\/sobre\/wp-content\/uploads\/2026\/02\/oab-sp-divulga-edital-para-atuacao-em-assistencia-judiciaria-em-sao-paulo.webp\" alt=\"conv\u00eanio com a Defensoria P\u00fablica\" loading=\"lazy\" \/><\/p>\n<h2>\u00c1reas de Atua\u00e7\u00e3o Dispon\u00edveis<\/h2>\n<p>Os advogados que se inscrevem para participar do conv\u00eanio t\u00eam a liberdade de escolher entre diversas \u00e1reas de atua\u00e7\u00e3o, facilitando sua ades\u00e3o conforme suas especialidades e interesses. As \u00e1reas dispon\u00edveis incluem:<\/p>\n<ul>\n<li><strong>Direito Civil<\/strong><\/li>\n<li><strong>Direito Penal<\/strong><\/li>\n<li><strong>Assist\u00eancia em J\u00fari<\/strong><\/li>\n<li><strong>Direito da Inf\u00e2ncia e Juventude<\/strong><\/li>\n<li><strong>Plant\u00f5es de Atendimento<\/strong><\/li>\n<li><strong>Viol\u00eancia Dom\u00e9stica<\/strong><\/li>\n<\/ul>\n<p>A escolha da \u00e1rea de atua\u00e7\u00e3o deve ser feita no momento da inscri\u00e7\u00e3o, e a distribui\u00e7\u00e3o de casos ser\u00e1 realizada conforme a localiza\u00e7\u00e3o do advogado, permitindo que cada um atue nas regi\u00f5es que mais conhecem e onde sabem que podem oferecer um suporte adequado.<\/p>\n<h2>Prazos para Inscri\u00e7\u00e3o<\/h2>\n<p>O edital estabelece o per\u00edodo espec\u00edfico para as inscri\u00e7\u00f5es, que, neste caso, se inicia em <strong>9 de mar\u00e7o de 2026<\/strong> e se estende at\u00e9 <strong>30 de abril de 2026<\/strong>. Durante esse intervalo, todos os interessados devem garantir sua participa\u00e7\u00e3o, respeitando os prazos estipulados para evitar contratempos. Ap\u00f3s o fechamento das inscri\u00e7\u00f5es, ser\u00e1 feita a an\u00e1lise das informa\u00e7\u00f5es enviadas e, em <strong>junho de 2026<\/strong>, ser\u00e1 divulgada a lista de profissionais habilitados para atuar no conv\u00eanio.<\/p>\n<h2>O Impacto na Popula\u00e7\u00e3o Vulner\u00e1vel<\/h2>\n<p>O conv\u00eanio entre a OAB SP e a Defensoria P\u00fablica representa uma significativa contribui\u00e7\u00e3o ao fortalecimento do acesso \u00e0 justi\u00e7a, especialmente para a popula\u00e7\u00e3o em situa\u00e7\u00e3o de vulnerabilidade. Ao proporcionar servi\u00e7os jur\u00eddicos gratuitos, a iniciativa ajuda a garantir que os direitos dos cidad\u00e3os sejam respeitados e defendidos, independente de sua condi\u00e7\u00e3o financeira. Isso \u00e9 fundamental para a promo\u00e7\u00e3o da igualdade e justi\u00e7a social.<\/p>\n<h2>Requisitos para os Advogados<\/h2>\n<p>Para que os advogados possam participar do conv\u00eanio, devem atender a determinados requisitos estabelecidos no edital. Entre os principais crit\u00e9rios est\u00e3o:<\/p>\n<ul>\n<li>Dever\u00e3o estar regularmente inscritos na OAB e em situa\u00e7\u00e3o cadastral ativa.<\/li>\n<li>Temas de atua\u00e7\u00e3o devem ser escolhidos com base em suas compet\u00eancias e experi\u00eancia pr\u00e9via na \u00e1rea.<\/li>\n<li>Estar disposto a atuar voluntariamente, fornecendo assist\u00eancia jur\u00eddica sem custos para os atendidos.<\/li>\n<\/ul>\n<p>Cumprir com esses requisitos \u00e9 essencial para garantir que o conv\u00eanio funcione de maneira eficaz e que os atendimentos sejam realizados com a qualidade e responsabilidade que a popula\u00e7\u00e3o merece.<\/p>\n<h2>Import\u00e2ncia do Acesso \u00e0 Justi\u00e7a<\/h2>\n<p>A <strong>import\u00e2ncia do acesso \u00e0 justi\u00e7a<\/strong> n\u00e3o pode ser subestimada. Ela \u00e9 um pilar fundamental do estado democr\u00e1tico e de direito. Quando cidad\u00e3os t\u00eam a possibilidade de buscar ajuda jur\u00eddica, garantem a prote\u00e7\u00e3o de seus direitos e preveem os riscos de injusti\u00e7as. Iniciativas como o conv\u00eanio com a Defensoria P\u00fablica promovem a conscientiza\u00e7\u00e3o sobre os direitos e incentivam as pessoas a buscarem sua defesa legal.<\/p>\n<h2>O Papel da OAB SP<\/h2>\n<p>A OAB SP desempenha um papel crucial neste conv\u00eanio, atuando como um facilitador entre os advogados e a Defensoria P\u00fablica. Al\u00e9m de promover as inscri\u00e7\u00f5es, a OAB se empenha em garantir que os advogados recebam a forma\u00e7\u00e3o necess\u00e1ria para que possam atuar de maneira eficaz nas diversas \u00e1reas do direito. A entidade tamb\u00e9m pode oferecer suporte cont\u00ednuo durante a execu\u00e7\u00e3o do conv\u00eanio, fortalecendo assim a rede de apoio jur\u00eddico dispon\u00edvel \u00e0 comunidade.<\/p>\n<h2>Resultados Esperados da Iniciativa<\/h2>\n<p>Com a implementa\u00e7\u00e3o deste conv\u00eanio, espera-se que uma quantidade significativa de pessoas em situa\u00e7\u00e3o de vulnerabilidade social tenha acesso a assist\u00eancia jur\u00eddica adequada. Os resultados esperados incluem:<\/p>\n<ul>\n<li>Aumento do n\u00famero de atendimentos realizados em \u00e1reas de alta demanda, como viol\u00eancia dom\u00e9stica e direitos da crian\u00e7a.<\/li>\n<li>Fortalecimento da consci\u00eancia sobre direitos legais entre a popula\u00e7\u00e3o.<\/li>\n<li>Promo\u00e7\u00e3o de uma cultura de respeito aos direitos humanos, ampliando as discuss\u00f5es sobre justi\u00e7a social.<\/li>\n<li>Estimulo \u00e0 forma\u00e7\u00e3o e capacita\u00e7\u00e3o profissional de advogados que desejam se envolver com causas sociais e assist\u00eancia \u00e0 popula\u00e7\u00e3o carente.<\/li>\n<\/ul>\n<p>Esses resultados n\u00e3o apenas beneficiar\u00e3o diretamente os cidad\u00e3os em situa\u00e7\u00e3o de vulnerabilidade, mas tamb\u00e9m contribuir\u00e3o para a constru\u00e7\u00e3o de um sistema de justi\u00e7a mais equitativo e inclusivo.<\/p>\n\n<div style=\"font-size: 0px; height: 0px; line-height: 0px; margin: 0; padding: 0; clear: both;\"><\/div>","protected":false},"excerpt":{"rendered":"<p>Conv\u00eanio com a Defensoria P\u00fablica garante assist\u00eancia jur\u00eddica a quem mais precisa.<\/p>\n","protected":false},"author":1,"featured_media":983,"comment_status":"open","ping_status":"closed","sticky":false,"template":"","format":"standard","meta":{"footnotes":""},"categories":[6],"tags":[],"class_list":["post-984","post","type-post","status-publish","format-standard","has-post-thumbnail","hentry","category-noticias-amparo","has_thumb"],"aioseo_notices":[],"_links":{"self":[{"href":"https:\/\/www.encontraamparo.com.br\/sobre\/wp-json\/wp\/v2\/posts\/984","targetHints":{"allow":["GET"]}}],"collection":[{"href":"https:\/\/www.encontraamparo.com.br\/sobre\/wp-json\/wp\/v2\/posts"}],"about":[{"href":"https:\/\/www.encontraamparo.com.br\/sobre\/wp-json\/wp\/v2\/types\/post"}],"author":[{"embeddable":true,"href":"https:\/\/www.encontraamparo.com.br\/sobre\/wp-json\/wp\/v2\/users\/1"}],"replies":[{"embeddable":true,"href":"https:\/\/www.encontraamparo.com.br\/sobre\/wp-json\/wp\/v2\/comments?post=984"}],"version-history":[{"count":0,"href":"https:\/\/www.encontraamparo.com.br\/sobre\/wp-json\/wp\/v2\/posts\/984\/revisions"}],"wp:featuredmedia":[{"embeddable":true,"href":"https:\/\/www.encontraamparo.com.br\/sobre\/wp-json\/wp\/v2\/media\/983"}],"wp:attachment":[{"href":"https:\/\/www.encontraamparo.com.br\/sobre\/wp-json\/wp\/v2\/media?parent=984"}],"wp:term":[{"taxonomy":"category","embeddable":true,"href":"https:\/\/www.encontraamparo.com.br\/sobre\/wp-json\/wp\/v2\/categories?post=984"},{"taxonomy":"post_tag","embeddable":true,"href":"https:\/\/www.encontraamparo.com.br\/sobre\/wp-json\/wp\/v2\/tags?post=984"}],"curies":[{"name":"wp","href":"https:\/\/api.w.org\/{rel}","templated":true}]}}