{"id":942,"date":"2026-02-13T08:46:20","date_gmt":"2026-02-13T10:46:20","guid":{"rendered":"https:\/\/www.encontraamparo.com.br\/sobre\/nunes-ambev-e-o-carnaval-do-cercadinho\/"},"modified":"2026-02-13T08:46:20","modified_gmt":"2026-02-13T10:46:20","slug":"nunes-ambev-e-o-carnaval-do-cercadinho","status":"publish","type":"post","link":"https:\/\/www.encontraamparo.com.br\/sobre\/nunes-ambev-e-o-carnaval-do-cercadinho\/","title":{"rendered":"Nunes, Ambev e o Carnaval do cercadinho"},"content":{"rendered":"<div class=\"005b81288333650253a1d8c68cb614d0\" data-index=\"1\" style=\"float: none; margin:0px;\">\n<!-- Anuncio display - global -->\r\n<ins class=\"adsbygoogle\"\r\n     style=\"display:block\"\r\n     data-ad-client=\"ca-pub-8585364105181520\"\r\n     data-ad-slot=\"8789329856\"\r\n     data-ad-format=\"auto\"\r\n     data-full-width-responsive=\"true\"><\/ins>\r\n<script>\r\n     (adsbygoogle = window.adsbygoogle || []).push({});\r\n<\/script>\n<\/div>\n<h2>O Impacto do Carnaval no Espa\u00e7o P\u00fablico<\/h2>\n<p>O Carnaval, uma das festividades mais animadas do Brasil, n\u00e3o \u00e9 apenas uma celebra\u00e7\u00e3o de alegria e m\u00fasica, mas tamb\u00e9m um evento que transforma o espa\u00e7o p\u00fablico. Durante essa \u00e9poca, ruas e avenidas se enchem de foli\u00f5es, trazendo vivacidade e dinamismo \u00e0s cidades. No entanto, essa grande movimenta\u00e7\u00e3o gera uma s\u00e9rie de desafios relacionados \u00e0 seguran\u00e7a, acessibilidade e respeito ao espa\u00e7o urbano.<\/p>\n<h2>Gest\u00e3o de Eventos e Seguran\u00e7a: O Que Aprender<\/h2>\n<p>A gest\u00e3o de grandes eventos como o Carnaval exige um planejamento cuidadoso. Desde a cria\u00e7\u00e3o de rotas para os desfiles at\u00e9 a defini\u00e7\u00e3o de \u00e1reas de seguran\u00e7a, o papel da administra\u00e7\u00e3o p\u00fablica \u00e9 crucial. Situa\u00e7\u00f5es de quase trag\u00e9dias, como as que ocorreram em algumas edi\u00e7\u00f5es recentes, ressaltam a necessidade de um sistema de gerenciamento eficaz que assegure a seguran\u00e7a dos participantes e minimize riscos de aglomera\u00e7\u00f5es indesejadas.<\/p>\n<h2>A Responsabilidade do Poder P\u00fablico<\/h2>\n<p>O testemunho de incidentes no Carnaval evidenciou que a responsabilidade do poder p\u00fablico vai al\u00e9m da autoriza\u00e7\u00e3o de eventos. \u00c9 imperativo que as autoridades analisem a infraestrutura da cidade, incluam as sugest\u00f5es da comunidade e respondam aos alertas sobre poss\u00edveis problemas. Quando falhas ocorrem, como o planejamento inadequado de rotas e a falta de policiamento, a seguran\u00e7a dos foli\u00f5es fica comprometida, levando a consequ\u00eancias lament\u00e1veis.<\/p>\n<p><img decoding=\"async\" src=\"https:\/\/www.encontraamparo.com.br\/sobre\/wp-content\/uploads\/2026\/02\/nunes-ambev-e-o-carnaval-do-cercadinho.webp\" alt=\"Carnaval do cercadinho\" loading=\"lazy\" \/><\/p>\n<h2>Como a Ambev Influencia o Carnaval<\/h2>\n<p>A Ambev, um dos maiores patrocinadores do Carnaval, exerce uma influ\u00eancia significativa sobre a forma como os blocos s\u00e3o organizados. A presen\u00e7a de marcas em eventos populares levanta quest\u00f5es sobre a comercializa\u00e7\u00e3o do carnaval e a ess\u00eancia da festa, que deveria ser um espa\u00e7o de express\u00e3o cultural. \u00c9 essencial que essas marcas respeitem a tradi\u00e7\u00e3o e a hist\u00f3ria dos blocos, contribuindo positivamente sem transformar a festividade em mero produto.<\/p>\n<h2>Risks Associados a Megablocos<\/h2>\n<p>Os megablocos, que re\u00fanem milhares de pessoas, s\u00e3o populares, mas tamb\u00e9m trazem riscos associados como a superlota\u00e7\u00e3o. O planejamento inadequado para esses eventos pode resultar em crises, com situa\u00e7\u00f5es que envolvem a queda de barreiras de seguran\u00e7a e tumultos. A capacidade de resposta das autoridades locais durante esses acontecimentos \u00e9 fundamental para evitar trag\u00e9dias.<\/p>\n<h2>A Hist\u00f3ria do Carnaval de Rua em S\u00e3o Paulo<\/h2>\n<p>O Carnaval de rua em S\u00e3o Paulo tem uma rica hist\u00f3ria, refletindo as tradi\u00e7\u00f5es culturais e a diversidade da cidade. Desde os pequenos blocos familiares at\u00e9 os grandes desfiles, a festa evoluiu ao longo dos anos. Essa evolu\u00e7\u00e3o deve ser compreendida e respeitada, levando em conta a contribui\u00e7\u00e3o dos foli\u00f5es e a heran\u00e7a cultural que cada bloco representa.<\/p>\n<h2>Comunidade e Carnaval: Um Di\u00e1logo Necess\u00e1rio<\/h2>\n<p>O envolvimento da comunidade \u00e9 vital para o sucesso do Carnaval. As vozes dos moradores locais devem ser ouvidas, especialmente quando se trata de aprova\u00e7\u00e3o de locais e hor\u00e1rios dos blocos. Incentivar um di\u00e1logo aberto entre a popula\u00e7\u00e3o e as autoridades garante que todos possam apreciar a festa de maneira segura e tranquila.<\/p>\n<h2>Reformas Necess\u00e1rias para o Futuro<\/h2>\n<p>Reformas na gest\u00e3o do Carnaval s\u00e3o necess\u00e1rias para garantir uma experi\u00eancia mais segura e inclusiva. \u00c9 importante priorizar a urbaniza\u00e7\u00e3o adequada dos espa\u00e7os e melhorar a acessibilidade. Al\u00e9m disso, a cria\u00e7\u00e3o de pol\u00edticas p\u00fablicas que considerem as especificidades de cada regi\u00e3o pode contribuir significativamente para a seguran\u00e7a e o bem-estar de todos os participantes.<\/p>\n<h2>Alternativas Sustent\u00e1veis para o Carnaval<\/h2>\n<p>Com a crescente preocupa\u00e7\u00e3o sobre o meio ambiente, alternativas sustent\u00e1veis t\u00eam se tornado uma necessidade urgente. A utiliza\u00e7\u00e3o de materiais recicl\u00e1veis, a redu\u00e7\u00e3o de pl\u00e1stico e iniciativas de limpeza p\u00f3s-evento s\u00e3o pr\u00e1ticas que podem e devem ser implementadas. Isso n\u00e3o apenas preserva a cidade durante as festividades, mas tamb\u00e9m conscientiza a popula\u00e7\u00e3o sobre a import\u00e2ncia da preserva\u00e7\u00e3o ambiental.<\/p>\n<h2>A Import\u00e2ncia da Participa\u00e7\u00e3o da Comunidade<\/h2>\n<p>No cerne do Carnaval de rua est\u00e1 a participa\u00e7\u00e3o da comunidade. Blocos que surgem a partir da pr\u00f3pria vizinhan\u00e7a trazem uma dimens\u00e3o de inclus\u00e3o e pertencimento. Essa conex\u00e3o promove um senso de identidade e celebra\u00e7\u00e3o que vai al\u00e9m da festa, fortalecendo la\u00e7os sociais e comunit\u00e1rios.<\/p>\n\n<div style=\"font-size: 0px; height: 0px; line-height: 0px; margin: 0; padding: 0; clear: both;\"><\/div>","protected":false},"excerpt":{"rendered":"<p>Carnaval do cercadinho revela li\u00e7\u00f5es de gest\u00e3o e seguran\u00e7a na cidade.<\/p>\n","protected":false},"author":1,"featured_media":941,"comment_status":"open","ping_status":"closed","sticky":false,"template":"","format":"standard","meta":{"footnotes":""},"categories":[6],"tags":[],"class_list":["post-942","post","type-post","status-publish","format-standard","has-post-thumbnail","hentry","category-noticias-amparo","has_thumb"],"aioseo_notices":[],"_links":{"self":[{"href":"https:\/\/www.encontraamparo.com.br\/sobre\/wp-json\/wp\/v2\/posts\/942","targetHints":{"allow":["GET"]}}],"collection":[{"href":"https:\/\/www.encontraamparo.com.br\/sobre\/wp-json\/wp\/v2\/posts"}],"about":[{"href":"https:\/\/www.encontraamparo.com.br\/sobre\/wp-json\/wp\/v2\/types\/post"}],"author":[{"embeddable":true,"href":"https:\/\/www.encontraamparo.com.br\/sobre\/wp-json\/wp\/v2\/users\/1"}],"replies":[{"embeddable":true,"href":"https:\/\/www.encontraamparo.com.br\/sobre\/wp-json\/wp\/v2\/comments?post=942"}],"version-history":[{"count":0,"href":"https:\/\/www.encontraamparo.com.br\/sobre\/wp-json\/wp\/v2\/posts\/942\/revisions"}],"wp:featuredmedia":[{"embeddable":true,"href":"https:\/\/www.encontraamparo.com.br\/sobre\/wp-json\/wp\/v2\/media\/941"}],"wp:attachment":[{"href":"https:\/\/www.encontraamparo.com.br\/sobre\/wp-json\/wp\/v2\/media?parent=942"}],"wp:term":[{"taxonomy":"category","embeddable":true,"href":"https:\/\/www.encontraamparo.com.br\/sobre\/wp-json\/wp\/v2\/categories?post=942"},{"taxonomy":"post_tag","embeddable":true,"href":"https:\/\/www.encontraamparo.com.br\/sobre\/wp-json\/wp\/v2\/tags?post=942"}],"curies":[{"name":"wp","href":"https:\/\/api.w.org\/{rel}","templated":true}]}}