{"id":936,"date":"2026-02-12T08:46:40","date_gmt":"2026-02-12T10:46:40","guid":{"rendered":"https:\/\/www.encontraamparo.com.br\/sobre\/triste-noticia-itapira-chora-a-perda-do-querido-padre-carlos-semensim\/"},"modified":"2026-02-12T08:46:40","modified_gmt":"2026-02-12T10:46:40","slug":"triste-noticia-itapira-chora-a-perda-do-querido-padre-carlos-semensim","status":"publish","type":"post","link":"https:\/\/www.encontraamparo.com.br\/sobre\/triste-noticia-itapira-chora-a-perda-do-querido-padre-carlos-semensim\/","title":{"rendered":"Triste not\u00edcia: Itapira chora a perda do querido padre Carlos Semensim"},"content":{"rendered":"<div class=\"005b81288333650253a1d8c68cb614d0\" data-index=\"1\" style=\"float: none; margin:0px;\">\n<!-- Anuncio display - global -->\r\n<ins class=\"adsbygoogle\"\r\n     style=\"display:block\"\r\n     data-ad-client=\"ca-pub-8585364105181520\"\r\n     data-ad-slot=\"8789329856\"\r\n     data-ad-format=\"auto\"\r\n     data-full-width-responsive=\"true\"><\/ins>\r\n<script>\r\n     (adsbygoogle = window.adsbygoogle || []).push({});\r\n<\/script>\n<\/div>\n<h2>A vida e minist\u00e9rio do padre Carlos<\/h2>\n<p>O padre Carlos Augusto Semensim viveu uma trajet\u00f3ria marcada por devo\u00e7\u00e3o e amor \u00e0 sua miss\u00e3o. Nascido em 17 de agosto de 1994, ele come\u00e7ou sua jornada no sacerd\u00f3cio com o desejo de servir e propagar os ensinamentos do Evangelho. Desde o in\u00edcio de seu minist\u00e9rio, foi reconhecido pela sua capacidade de se conectar com a comunidade e pelos esfor\u00e7os em realizar atividades que promoviam a inclus\u00e3o e a solidariedade.<\/p>\n<h2>O legado deixado por padre Carlos<\/h2>\n<p>Padre Carlos sempre se destacou por sua abordagem acolhedora e compreensiva, buscando sempre atender as necessidades espirituais e sociais de seus paroquianos. Seu legado se estende al\u00e9m dos servi\u00e7os religiosos e inclui iniciativas sociais que beneficiaram muitos. Durante seu tempo na Par\u00f3quia S\u00e3o Judas Tadeu de Itapira, ele implementou projetos que incentivavam a participa\u00e7\u00e3o da comunidade, fortalecendo la\u00e7os e promovendo um ambiente mais unificado.<\/p>\n<h2>Como a comunidade reagiu \u00e0 triste not\u00edcia<\/h2>\n<p>A not\u00edcia do falecimento do padre Carlos pegou a comunidade de surpresa, causando grande tristeza entre os paroquianos e amigos. Muitos expressaram seu luto nas redes sociais, compartilhando mem\u00f3rias e experi\u00eancias que tiveram ao lado do sacerdote. O sentimento geral \u00e9 de perda de uma figura que representa n\u00e3o apenas a lideran\u00e7a religiosa, mas tamb\u00e9m uma amizade pr\u00f3xima, algu\u00e9m que sempre esteve presente nos momentos de necessidade.<\/p>\n<p><img decoding=\"async\" src=\"https:\/\/www.encontraamparo.com.br\/sobre\/wp-content\/uploads\/2026\/02\/triste-noticia-itapira-chora-a-perda-do-querido-padre-carlos-semensim.webp\" alt=\"padre Carlos Semensim\" loading=\"lazy\" \/><\/p>\n<h2>Detalhes sobre o falecimento do padre<\/h2>\n<p>O padre Carlos faleceu no dia 9 de fevereiro de 2026, ap\u00f3s uma batalha contra problemas de sa\u00fade que o levaram a ser internado no Hospital Benefic\u00eancia Portuguesa, em Amparo (SP). Apesar dos cuidados m\u00e9dicos, seu quadro se agravou devido a complica\u00e7\u00f5es no sistema digestivo, juntamente com outras dificuldades, que resultaram em sua morte. A confirma\u00e7\u00e3o de seu falecimento foi feita pela Diocese de Amparo, que destacou seu compromisso e dedica\u00e7\u00e3o \u00e0 f\u00e9 e \u00e0 comunidade.<\/p>\n<h2>O vel\u00f3rio e celebra\u00e7\u00f5es em sua homenagem<\/h2>\n<p>O vel\u00f3rio do padre Carlos ocorreu na Par\u00f3quia S\u00e3o Judas Tadeu, onde muitos de seus paroquianos puderam prestar suas \u00faltimas homenagens. O cerimonial teve in\u00edcio \u00e0s 5h00 da manh\u00e3, mas o corpo s\u00f3 chegou \u00e0 par\u00f3quia \u00e0s 8h30. \u00c0s 9h30, uma missa exequial foi celebrada, homenageando sua vida e seu legado. Ap\u00f3s a missa, o corpo foi levado para a Par\u00f3quia Nossa Senhora Aparecida do Triunfo, em Pedreira (SP), onde houve outra celebra\u00e7\u00e3o antes do sepultamento, programado para \u00e0s 16h00.<\/p>\n<h2>Mensagens de condol\u00eancias e tributos<\/h2>\n<p>V\u00e1rias mensagens de condol\u00eancias e tributos foram publicadas por diversos grupos e indiv\u00edduos nas redes sociais, refletindo a considera\u00e7\u00e3o e o amor que muitos tinham pelo padre Carlos. Ele n\u00e3o era apenas um l\u00edder espiritual, mas um amigo e confidante para aqueles que o conheceram. Os relatos de pessoas que tiveram experi\u00eancias transformadoras sob sua orienta\u00e7\u00e3o espiritual foram abundantes, mostrando a profundidade de seu impacto na vida de muitos.<\/p>\n<h2>Impacto do padre Carlos na Par\u00f3quia S\u00e3o Judas<\/h2>\n<p>Durante seu tempo na Par\u00f3quia S\u00e3o Judas Tadeu, padre Carlos se destacou por suas iniciativas que focavam na inclus\u00e3o e solidariedade. Seu compromisso com a comunidade resultou em uma s\u00e9rie de eventos e atividades destinadas a apoiar aqueles em necessidade. Al\u00e9m disso, ele fomentava o envolvimento dos jovens, incentivando-os a participar ativamente da vida paroquial. O impacto de suas a\u00e7\u00f5es deixou uma marca profunda na par\u00f3quia, que continua a ecoar mesmo ap\u00f3s sua partida.<\/p>\n<h2>Como os paroquianos lembrar\u00e3o de padre Carlos<\/h2>\n<p>Os paroquianos lembrar\u00e3o do padre Carlos como um l\u00edder carism\u00e1tico, sempre dispon\u00edvel para ouvir e ajudar. Sua abordagem amig\u00e1vel e suas li\u00e7\u00f5es inspiradoras continuar\u00e3o a viver nas mem\u00f3rias de todos os que tiveram o privil\u00e9gio de conhec\u00ea-lo. Cerim\u00f4nias e servi\u00e7os em sua homenagem s\u00e3o planejados, garantindo que sua mem\u00f3ria e ensinamentos permane\u00e7am vivos na comunidade.<\/p>\n<h2>Reflex\u00f5es sobre a vida e f\u00e9 do sacerdote<\/h2>\n<p>A vida do padre Carlos \u00e9 um testemunho de f\u00e9 e devo\u00e7\u00e3o. Sua hist\u00f3ria \u00e9 um lembrete poderoso da import\u00e2ncia do servi\u00e7o \u00e0 comunidade e da entrega aos outros. O seu estilo de lideran\u00e7a, centrado na empatia e amor ao pr\u00f3ximo, deixou uma impress\u00e3o duradoura nas pessoas que ele guiou. Ao refletir sobre sua vida, muitos encontrar\u00e3o inspira\u00e7\u00e3o para continuar seu legado, promovendo solidariedade e compaix\u00e3o.<\/p>\n<h2>A import\u00e2ncia do apoio comunit\u00e1rio em tempos de luto<\/h2>\n<p>Em momentos de luto, o apoio comunit\u00e1rio se torna crucial. As demonstra\u00e7\u00f5es de carinho e compreens\u00e3o presentes durante o falecimento do padre Carlos mostram como a comunidade pode se unir para oferecer conforto em tempos dif\u00edceis. Esse tipo de uni\u00e3o \u00e9 fundamental para a cura emocional e para a continua\u00e7\u00e3o do legado de amor e amizade que o padre Carlos deixou como heran\u00e7a.<\/p>\n\n<div style=\"font-size: 0px; height: 0px; line-height: 0px; margin: 0; padding: 0; clear: both;\"><\/div>","protected":false},"excerpt":{"rendered":"<p>Itapira lamenta a perda do querido padre Carlos Semensim. Veja detalhes!<\/p>\n","protected":false},"author":1,"featured_media":935,"comment_status":"open","ping_status":"closed","sticky":false,"template":"","format":"standard","meta":{"footnotes":""},"categories":[6],"tags":[],"class_list":["post-936","post","type-post","status-publish","format-standard","has-post-thumbnail","hentry","category-noticias-amparo","has_thumb"],"aioseo_notices":[],"_links":{"self":[{"href":"https:\/\/www.encontraamparo.com.br\/sobre\/wp-json\/wp\/v2\/posts\/936","targetHints":{"allow":["GET"]}}],"collection":[{"href":"https:\/\/www.encontraamparo.com.br\/sobre\/wp-json\/wp\/v2\/posts"}],"about":[{"href":"https:\/\/www.encontraamparo.com.br\/sobre\/wp-json\/wp\/v2\/types\/post"}],"author":[{"embeddable":true,"href":"https:\/\/www.encontraamparo.com.br\/sobre\/wp-json\/wp\/v2\/users\/1"}],"replies":[{"embeddable":true,"href":"https:\/\/www.encontraamparo.com.br\/sobre\/wp-json\/wp\/v2\/comments?post=936"}],"version-history":[{"count":0,"href":"https:\/\/www.encontraamparo.com.br\/sobre\/wp-json\/wp\/v2\/posts\/936\/revisions"}],"wp:featuredmedia":[{"embeddable":true,"href":"https:\/\/www.encontraamparo.com.br\/sobre\/wp-json\/wp\/v2\/media\/935"}],"wp:attachment":[{"href":"https:\/\/www.encontraamparo.com.br\/sobre\/wp-json\/wp\/v2\/media?parent=936"}],"wp:term":[{"taxonomy":"category","embeddable":true,"href":"https:\/\/www.encontraamparo.com.br\/sobre\/wp-json\/wp\/v2\/categories?post=936"},{"taxonomy":"post_tag","embeddable":true,"href":"https:\/\/www.encontraamparo.com.br\/sobre\/wp-json\/wp\/v2\/tags?post=936"}],"curies":[{"name":"wp","href":"https:\/\/api.w.org\/{rel}","templated":true}]}}