{"id":920,"date":"2026-02-09T08:44:34","date_gmt":"2026-02-09T10:44:34","guid":{"rendered":"https:\/\/www.encontraamparo.com.br\/sobre\/prefeitura-de-amparo-do-serra\/"},"modified":"2026-02-09T08:44:34","modified_gmt":"2026-02-09T10:44:34","slug":"prefeitura-de-amparo-do-serra","status":"publish","type":"post","link":"https:\/\/www.encontraamparo.com.br\/sobre\/prefeitura-de-amparo-do-serra\/","title":{"rendered":"Prefeitura de Amparo do Serra"},"content":{"rendered":"<div class=\"005b81288333650253a1d8c68cb614d0\" data-index=\"1\" style=\"float: none; margin:0px;\">\n<!-- Anuncio display - global -->\r\n<ins class=\"adsbygoogle\"\r\n     style=\"display:block\"\r\n     data-ad-client=\"ca-pub-8585364105181520\"\r\n     data-ad-slot=\"8789329856\"\r\n     data-ad-format=\"auto\"\r\n     data-full-width-responsive=\"true\"><\/ins>\r\n<script>\r\n     (adsbygoogle = window.adsbygoogle || []).push({});\r\n<\/script>\n<\/div>\n<h2>Vagas Dispon\u00edveis e Cargos Oferecidos<\/h2>\n<p>A Prefeitura de Amparo do Serra, localizada em Minas Gerais, est\u00e1 promovendo a abertura de um Processo Seletivo com a oferta de nove vagas destinadas a profissionais com forma\u00e7\u00e3o em n\u00edvel m\u00e9dio. As posi\u00e7\u00f5es dispon\u00edveis s\u00e3o as seguintes:<\/p>\n<ul>\n<li><strong>Agente Comunit\u00e1rio de Sa\u00fade ESF Rural:<\/strong> 4 vagas<\/li>\n<li><strong>Agente Comunit\u00e1rio de Sa\u00fade ESF Urbano:<\/strong> 3 vagas<\/li>\n<li><strong>Agente de Combate \u00e0s Endemias:<\/strong> 2 vagas<\/li>\n<\/ul>\n<p>Essas oportunidades visam refor\u00e7ar a equipe de trabalhadores da sa\u00fade na comunidade, garantindo servi\u00e7os essenciais aos cidad\u00e3os.<\/p>\n<h2>Remunera\u00e7\u00e3o e Carga Hor\u00e1ria<\/h2>\n<p>Os aprovados no Processo Seletivo receber\u00e3o uma remunera\u00e7\u00e3o mensal no valor de <strong>R$ 3.242,00<\/strong>. Para todas as fun\u00e7\u00f5es oferecidas, a carga hor\u00e1ria de trabalho ser\u00e1 de <strong>40 horas semanais<\/strong>, conforme a legisla\u00e7\u00e3o vigente para esses cargos na \u00e1rea de sa\u00fade p\u00fablica.<\/p>\n<p><img decoding=\"async\" src=\"https:\/\/www.encontraamparo.com.br\/sobre\/wp-content\/uploads\/2026\/02\/prefeitura-de-amparo-do-serra.webp\" alt=\"Processo Seletivo Amparo do Serra\" loading=\"lazy\" \/><\/p>\n<h2>Crit\u00e9rios de Participa\u00e7\u00e3o na Sele\u00e7\u00e3o<\/h2>\n<p>Para se inscrever e participar do Processo Seletivo, \u00e9 necess\u00e1rio que o candidato atenda aos seguintes requisitos:<\/p>\n<ul>\n<li>Comprova\u00e7\u00e3o do n\u00edvel de escolaridade exigido (forma\u00e7\u00e3o completa no ensino m\u00e9dio).<\/li>\n<li>Conclus\u00e3o do curso de forma\u00e7\u00e3o inicial relevante para a fun\u00e7\u00e3o desejada.<\/li>\n<li>Resid\u00eancia na \u00e1rea abrangida pela Estrat\u00e9gia de Sa\u00fade da Fam\u00edlia (ESF) em que ir\u00e1 atuar, aplic\u00e1vel apenas \u00e0 fun\u00e7\u00e3o de Agente Comunit\u00e1rio de Sa\u00fade.<\/li>\n<\/ul>\n<p>Al\u00e9m disso, os candidatos devem estar aptos a desempenhar as fun\u00e7\u00f5es exigidas e possuir conhecimento sobre as atribui\u00e7\u00f5es do cargo.<\/p>\n<h2>Como Realizar a Inscri\u00e7\u00e3o<\/h2>\n<p>Os interessados em se candidatar \u00e0s vagas dispon\u00edveis poder\u00e3o realizar suas inscri\u00e7\u00f5es, que estar\u00e3o abertas a partir das <strong>8h do dia 30 de mar\u00e7o de 2026<\/strong> at\u00e9 as <strong>17h do dia 28 de abril de 2026<\/strong> (hor\u00e1rio de Bras\u00edlia\/DF). As inscri\u00e7\u00f5es poder\u00e3o ser feitas atrav\u00e9s do site oficial da <strong><a href='https:\/\/portal.mbgestaopublica.com.br\/'>MB Gest\u00e3o P\u00fablica<\/a><\/strong>.<\/p>\n<p>Outra op\u00e7\u00e3o \u00e9 a inscri\u00e7\u00e3o presencial, que pode ser feita na sede da Prefeitura Municipal de Amparo do Serra, situada na Pra\u00e7a Raimundo Bellico Sobrinho, n\u00ba 07, no Centro. O hor\u00e1rio de atendimento na Prefeitura ser\u00e1 de <strong>7h \u00e0s 11h e 13h \u00e0s 17h<\/strong>, de segunda a sexta-feira, exceto feriados.<\/p>\n<h2>Prazos para Submiss\u00e3o de Inscri\u00e7\u00f5es<\/h2>\n<p>Os candidatos devem ficar atentos aos prazos estabelecidos para as inscri\u00e7\u00f5es, pois seu n\u00e3o cumprimento poder\u00e1 resultar na perda da oportunidade de participar do certame. \u00c9 fundamental que as inscri\u00e7\u00f5es sejam confirmadas dentro do per\u00edodo estipulado.<\/p>\n<h2>Detalhes sobre a Taxa de Inscri\u00e7\u00e3o<\/h2>\n<p>A taxa de inscri\u00e7\u00e3o para participar do Processo Seletivo \u00e9 de <strong>R$ 110,00<\/strong>. Entretanto, existe a possibilidade de solicita\u00e7\u00e3o de isen\u00e7\u00e3o dessa taxa, que deve ser feita at\u00e9 as <strong>17h do dia 1\u00ba de abril de 2026<\/strong>. Os candidatos que se enquadrarem nos crit\u00e9rios para a isen\u00e7\u00e3o devem ficar atentos ao processo estipulado no edital.<\/p>\n<h2>Processo de Sele\u00e7\u00e3o: O que Aguardar?<\/h2>\n<p>A sele\u00e7\u00e3o dos candidatos ser\u00e1 realizada em etapas que incluem:<\/p>\n<ul>\n<li><strong>Prova objetiva:<\/strong> Prevista para o dia <strong>31 de maio de 2026<\/strong>.<\/li>\n<li><strong>Prova de resist\u00eancia f\u00edsica:<\/strong> Tamb\u00e9m ocorrer\u00e1 no mesmo dia da prova objetiva.<\/li>\n<li><strong>Curso de forma\u00e7\u00e3o inicial:<\/strong> Destination\u00e1rio para os aprovados na primeira fase.<\/li>\n<\/ul>\n<p>As provas ir\u00e3o abordar conte\u00fados de L\u00edngua Portuguesa, No\u00e7\u00f5es de Inform\u00e1tica, e Conhecimentos Espec\u00edficos pertinentes \u00e0s fun\u00e7\u00f5es dos Agentes Comunit\u00e1rios de Sa\u00fade e Agentes de Combate \u00e0s Endemias.<\/p>\n<h2>Conte\u00fados das Provas<\/h2>\n<p>Os conte\u00fados abordados nas provas objetivas e de resist\u00eancia f\u00edsica incluem:<\/p>\n<ul>\n<li><strong>Portugu\u00eas:<\/strong> Compreens\u00e3o de textos, gram\u00e1tica e interpreta\u00e7\u00e3o.<\/li>\n<li><strong>Inform\u00e1tica:<\/strong> Conhecimentos b\u00e1sicos sobre sistemas operacionais e aplicativos.<\/li>\n<li><strong>Conhecimentos Espec\u00edficos:<\/strong> Temas pertinentes ao cotidiano da sa\u00fade p\u00fablica e engrenagem de trabalho do agente.<\/li>\n<\/ul>\n<p>Os candidatos devem preparar-se adequadamente para cada uma dessas \u00e1reas para assegurar um desempenho satisfat\u00f3rio no Processo Seletivo.<\/p>\n<h2>Validade do Processo Seletivo<\/h2>\n<p>O Processo Seletivo ter\u00e1 validade de <strong>dois anos<\/strong>, contados a partir da data de homologa\u00e7\u00e3o dos resultados, podendo ser prorrogado por um per\u00edodo equivalente, conforme as necessidades da administra\u00e7\u00e3o p\u00fablica e a regulamenta\u00e7\u00e3o vigente.<\/p>\n<h2>Links Importantes para Mais Informa\u00e7\u00f5es<\/h2>\n<p>Para obter mais informa\u00e7\u00f5es relativas ao Processo Seletivo, como o edital completo e detalhes adicionais, \u00e9 recomend\u00e1vel acessar os seguintes links:<\/p>\n<ul>\n<li><a href='https:\/\/portal.mbgestaopublica.com.br\/'>Site da MB Gest\u00e3o P\u00fablica<\/a><\/li>\n<li><a href='https:\/\/www.amparodoserra.mg.gov.br\/'>Site da Prefeitura de Amparo do Serra<\/a><\/li>\n<\/ul>\n<p>\u00c9 essencial que todos os candidatos leiam o edital completo para garantir que estejam bem informados sobre todos os processos e exig\u00eancias envolvidas no certame.<\/p>\n\n<div style=\"font-size: 0px; height: 0px; line-height: 0px; margin: 0; padding: 0; clear: both;\"><\/div>","protected":false},"excerpt":{"rendered":"<p>Prefeitura de Amparo do Serra &#8211; MG oferece Processo Seletivo com 9 vagas para o setor de sa\u00fade.<\/p>\n","protected":false},"author":1,"featured_media":919,"comment_status":"open","ping_status":"closed","sticky":false,"template":"","format":"standard","meta":{"footnotes":""},"categories":[6],"tags":[],"class_list":["post-920","post","type-post","status-publish","format-standard","has-post-thumbnail","hentry","category-noticias-amparo","has_thumb"],"aioseo_notices":[],"_links":{"self":[{"href":"https:\/\/www.encontraamparo.com.br\/sobre\/wp-json\/wp\/v2\/posts\/920","targetHints":{"allow":["GET"]}}],"collection":[{"href":"https:\/\/www.encontraamparo.com.br\/sobre\/wp-json\/wp\/v2\/posts"}],"about":[{"href":"https:\/\/www.encontraamparo.com.br\/sobre\/wp-json\/wp\/v2\/types\/post"}],"author":[{"embeddable":true,"href":"https:\/\/www.encontraamparo.com.br\/sobre\/wp-json\/wp\/v2\/users\/1"}],"replies":[{"embeddable":true,"href":"https:\/\/www.encontraamparo.com.br\/sobre\/wp-json\/wp\/v2\/comments?post=920"}],"version-history":[{"count":0,"href":"https:\/\/www.encontraamparo.com.br\/sobre\/wp-json\/wp\/v2\/posts\/920\/revisions"}],"wp:featuredmedia":[{"embeddable":true,"href":"https:\/\/www.encontraamparo.com.br\/sobre\/wp-json\/wp\/v2\/media\/919"}],"wp:attachment":[{"href":"https:\/\/www.encontraamparo.com.br\/sobre\/wp-json\/wp\/v2\/media?parent=920"}],"wp:term":[{"taxonomy":"category","embeddable":true,"href":"https:\/\/www.encontraamparo.com.br\/sobre\/wp-json\/wp\/v2\/categories?post=920"},{"taxonomy":"post_tag","embeddable":true,"href":"https:\/\/www.encontraamparo.com.br\/sobre\/wp-json\/wp\/v2\/tags?post=920"}],"curies":[{"name":"wp","href":"https:\/\/api.w.org\/{rel}","templated":true}]}}