{"id":908,"date":"2026-02-07T08:42:21","date_gmt":"2026-02-07T10:42:21","guid":{"rendered":"https:\/\/www.encontraamparo.com.br\/sobre\/casa-de-portugal-de-petropolis-projeta-temporada-de-alcance-nacional-e-internacional-em-2026\/"},"modified":"2026-02-07T08:42:21","modified_gmt":"2026-02-07T10:42:21","slug":"casa-de-portugal-de-petropolis-projeta-temporada-de-alcance-nacional-e-internacional-em-2026","status":"publish","type":"post","link":"https:\/\/www.encontraamparo.com.br\/sobre\/casa-de-portugal-de-petropolis-projeta-temporada-de-alcance-nacional-e-internacional-em-2026\/","title":{"rendered":"Casa de Portugal de Petr\u00f3polis projeta temporada de alcance nacional e internacional em 2026"},"content":{"rendered":"<div class=\"005b81288333650253a1d8c68cb614d0\" data-index=\"1\" style=\"float: none; margin:0px;\">\n<!-- Anuncio display - global -->\r\n<ins class=\"adsbygoogle\"\r\n     style=\"display:block\"\r\n     data-ad-client=\"ca-pub-8585364105181520\"\r\n     data-ad-slot=\"8789329856\"\r\n     data-ad-format=\"auto\"\r\n     data-full-width-responsive=\"true\"><\/ins>\r\n<script>\r\n     (adsbygoogle = window.adsbygoogle || []).push({});\r\n<\/script>\n<\/div>\n<h2>Preparativos para a Temporada de H\u00f3quei em 2026<\/h2>\n<p>A Casa de Portugal de Petr\u00f3polis inicia 2026 com uma forte dedica\u00e7\u00e3o ao h\u00f3quei sobre patins. O gin\u00e1sio M\u00e1rio Machado, localizado em Quitandinha, se transforma em um centro de treinamento para as equipes masculina, feminina e de base. Os treinos est\u00e3o em pleno andamento, com foco em preparar os atletas para uma temporada cheia de desafios. As expectativas s\u00e3o elevadas, com uma agenda que promete muito para os envolvidos.<\/p>\n<h2>Competi\u00e7\u00f5es Regionais Programadas para Mar\u00e7o<\/h2>\n<p>O calend\u00e1rio inicial da Casa de Portugal est\u00e1 recheado de competi\u00e7\u00f5es regionais agendadas para mar\u00e7o. Um dos principais eventos ser\u00e1 a Copa Sudeste, que contempla as categorias sub-13 at\u00e9 sub-15 e ocorrer\u00e1 em Amparo, S\u00e3o Paulo, no final do m\u00eas. Logo ap\u00f3s, haver\u00e1 uma nova edi\u00e7\u00e3o do torneio em Teres\u00f3polis. Esta fase \u00e9 vital para os atletas, pois oferece a oportunidade de ganhar experi\u00eancia pr\u00e1tica em um ambiente competitivo.<\/p>\n<h2>O Grande Alvo: World Skate Games em Assun\u00e7\u00e3o<\/h2>\n<p>Sem d\u00favida, o ponto alto da temporada ser\u00e1 a participa\u00e7\u00e3o da Casa de Portugal nos World Skate Games, que ocorrer\u00e3o em outubro em Assun\u00e7\u00e3o, no Paraguai. Sob a lideran\u00e7a do coordenador e t\u00e9cnico Ricardo Bouchard\u00eat, conhecido como Boucha, o objetivo vai al\u00e9m de apenas participar: a equipe busca conquistar t\u00edtulos e deixar uma forte marca no cen\u00e1rio internacional. As competi\u00e7\u00f5es regionais e nacionais servir\u00e3o como plataforma de testes e prepara\u00e7\u00e3o, ajudando a moldar um time competitivo para as exig\u00eancias do torneio global.<\/p>\n<p><img decoding=\"async\" src=\"https:\/\/www.encontraamparo.com.br\/sobre\/wp-content\/uploads\/2026\/02\/casa-de-portugal-de-petropolis-projeta-temporada-de-alcance-nacional-e-internacional-em-2026.webp\" alt=\"Casa de Portugal de Petr\u00f3polis\" loading=\"lazy\" \/><\/p>\n<h2>Fortalecimento da Base com Novas Categorias<\/h2>\n<p>Enquanto isso, o Corr\u00eaas est\u00e1 investindo em sua base, criando novas oportunidades para jovens talentos. Ap\u00f3s a realiza\u00e7\u00e3o de um processo seletivo para as categorias sub-13 e sub-14, o clube j\u00e1 mira a disputa do Campeonato Metropolitano, onde enfrentar\u00e1 equipes tradicionais como Serrano, Vera Cruz e Petr\u00f3polis FC. O compromisso do Corr\u00eaas com a forma\u00e7\u00e3o de jogadores \u00e9 uma das estrat\u00e9gias que o posiciona como um celeiro de novos talentos, utilizando sua estrutura e comiss\u00e3o t\u00e9cnica qualificada para desenvolver futuros craques do futebol.<\/p>\n<h2>Hist\u00f3ria de Sucesso: Ant\u00f4nio Simas no T\u00eanis<\/h2>\n<p>A trajet\u00f3ria de Ant\u00f4nio Simas, um jovem tenista de Petr\u00f3polis, brilha no cen\u00e1rio esportivo. Representando a academia Locatelli, ele fez sua marca ao ficar entre os oito melhores na seletiva da Copa S\u00e3o Paulo de T\u00eanis. Com apenas 12 anos, Simas j\u00e1 \u00e9 visto como uma grande promessa do t\u00eanis local, simbolizando a determina\u00e7\u00e3o e o talento que florescem na cidade.<\/p>\n<h2>Ambi\u00e7\u00f5es do Vera Cruz na S\u00e9rie C Estadual<\/h2>\n<p>O Vera Cruz, em meio aos preparativos para a S\u00e9rie C estadual, delineia sua estrat\u00e9gia sob a coordena\u00e7\u00e3o de Alex Arruda. A prioridade conhecida \u00e9 finalizar o processo de licenciamento anual, essencial para garantir a participa\u00e7\u00e3o na competi\u00e7\u00e3o. Ap\u00f3s a regulariza\u00e7\u00e3o, o clube espera anunciar um novo t\u00e9cnico e come\u00e7ar a forma\u00e7\u00e3o do elenco. No entanto, a incerteza em rela\u00e7\u00e3o ao calend\u00e1rio, que depender\u00e1 de decis\u00f5es da federa\u00e7\u00e3o ap\u00f3s o Carnaval, traz um ar de expectativa e cautela nas a\u00e7\u00f5es do clube.<\/p>\n<h2>Bela Faria e os Desafios da Nata\u00e7\u00e3o em Mar Aberto<\/h2>\n<p>A nadadora de mar aberto Bela Faria est\u00e1 em plena forma ap\u00f3s uma destacada participa\u00e7\u00e3o na prova do Rei e Rainha do Mar, realizada em Saquarema. Com uma medalha de ouro em seu pesco\u00e7o, Bela se prepara para uma temporada que a levar\u00e1 a novos desafios nas \u00e1guas de Copacabana, Salvador e Itaja\u00ed, evidenciando seu talento e determina\u00e7\u00e3o em busca de mais vit\u00f3rias.<\/p>\n<h2>Apoio ao Ciclismo: Bolsa Atleta 2026<\/h2>\n<p>A Confedera\u00e7\u00e3o Brasileira de Ciclismo oferece um guia pr\u00e1tico para os atletas que desejam solicitar a Bolsa Atleta 2026. Este processo, que se inicia com a elegibilidade e requer documenta\u00e7\u00e3o espec\u00edfica, \u00e9 um passo crucial para muitos ciclistas que sonham em se destacar. O prazo para inscri\u00e7\u00e3o se aproxima, e seguir todas as etapas rigorosamente \u00e9 fundamental para garantir uma boa chance de sele\u00e7\u00e3o.<\/p>\n<h2>Metodologia de Ensino no V\u00f4lei Petr\u00f3polis<\/h2>\n<p>O projeto de v\u00f4lei coordenado por M\u00e1rcia Ver\u00f4nica tem se destacado pela sua abordagem \u00fanica ao ensino do esporte. A metodologia vai al\u00e9m da simples forma\u00e7\u00e3o t\u00e9cnica, focando tamb\u00e9m em um desenvolvimento pedag\u00f3gico que valoriza o crescimento individual dos alunos. O esfor\u00e7o \u00e9 direcionado n\u00e3o s\u00f3 para formar atletas, mas cidad\u00e3os com valores \u00e9ticos como respeito e resili\u00eancia, demonstrando um compromisso com o impacto social duradouro do projeto.<\/p>\n<h2>Valores do Esporte para a Forma\u00e7\u00e3o de Cidad\u00e3os<\/h2>\n<p>A vis\u00e3o do V\u00f4lei Petr\u00f3polis de usar o esporte como uma ferramenta de educa\u00e7\u00e3o tem se mostrado um diferencial. Os participantes n\u00e3o recebem apenas treino f\u00edsico; eles s\u00e3o imersos em um ambiente que promove o trabalho em equipe, a solidariedade e a conviv\u00eancia harmoniosa com diferentes indiv\u00edduos. Essa abordagem integral contribui para que os alunos desenvolvam n\u00e3o apenas habilidades esportivas, mas tamb\u00e9m compet\u00eancias importantes para a vida.<\/p>\n\n<div style=\"font-size: 0px; height: 0px; line-height: 0px; margin: 0; padding: 0; clear: both;\"><\/div>","protected":false},"excerpt":{"rendered":"<p>Casa de Portugal de Petr\u00f3polis se prepara para grandes competi\u00e7\u00f5es em 2026.<\/p>\n","protected":false},"author":1,"featured_media":907,"comment_status":"open","ping_status":"closed","sticky":false,"template":"","format":"standard","meta":{"footnotes":""},"categories":[6],"tags":[],"class_list":["post-908","post","type-post","status-publish","format-standard","has-post-thumbnail","hentry","category-noticias-amparo","has_thumb"],"aioseo_notices":[],"_links":{"self":[{"href":"https:\/\/www.encontraamparo.com.br\/sobre\/wp-json\/wp\/v2\/posts\/908","targetHints":{"allow":["GET"]}}],"collection":[{"href":"https:\/\/www.encontraamparo.com.br\/sobre\/wp-json\/wp\/v2\/posts"}],"about":[{"href":"https:\/\/www.encontraamparo.com.br\/sobre\/wp-json\/wp\/v2\/types\/post"}],"author":[{"embeddable":true,"href":"https:\/\/www.encontraamparo.com.br\/sobre\/wp-json\/wp\/v2\/users\/1"}],"replies":[{"embeddable":true,"href":"https:\/\/www.encontraamparo.com.br\/sobre\/wp-json\/wp\/v2\/comments?post=908"}],"version-history":[{"count":0,"href":"https:\/\/www.encontraamparo.com.br\/sobre\/wp-json\/wp\/v2\/posts\/908\/revisions"}],"wp:featuredmedia":[{"embeddable":true,"href":"https:\/\/www.encontraamparo.com.br\/sobre\/wp-json\/wp\/v2\/media\/907"}],"wp:attachment":[{"href":"https:\/\/www.encontraamparo.com.br\/sobre\/wp-json\/wp\/v2\/media?parent=908"}],"wp:term":[{"taxonomy":"category","embeddable":true,"href":"https:\/\/www.encontraamparo.com.br\/sobre\/wp-json\/wp\/v2\/categories?post=908"},{"taxonomy":"post_tag","embeddable":true,"href":"https:\/\/www.encontraamparo.com.br\/sobre\/wp-json\/wp\/v2\/tags?post=908"}],"curies":[{"name":"wp","href":"https:\/\/api.w.org\/{rel}","templated":true}]}}