{"id":888,"date":"2026-02-02T08:45:50","date_gmt":"2026-02-02T10:45:50","guid":{"rendered":"https:\/\/www.encontraamparo.com.br\/sobre\/elzo-65-anos-ex\/"},"modified":"2026-02-02T08:45:50","modified_gmt":"2026-02-02T10:45:50","slug":"elzo-65-anos-ex","status":"publish","type":"post","link":"https:\/\/www.encontraamparo.com.br\/sobre\/elzo-65-anos-ex\/","title":{"rendered":"Elzo, 65 anos! Ex"},"content":{"rendered":"<div class=\"005b81288333650253a1d8c68cb614d0\" data-index=\"1\" style=\"float: none; margin:0px;\">\n<!-- Anuncio display - global -->\r\n<ins class=\"adsbygoogle\"\r\n     style=\"display:block\"\r\n     data-ad-client=\"ca-pub-8585364105181520\"\r\n     data-ad-slot=\"8789329856\"\r\n     data-ad-format=\"auto\"\r\n     data-full-width-responsive=\"true\"><\/ins>\r\n<script>\r\n     (adsbygoogle = window.adsbygoogle || []).push({});\r\n<\/script>\n<\/div>\n<h2>A Ascens\u00e3o de Elzo no Futebol Brasileiro<\/h2>\n<p>Elzo, conhecido pelo seu desempenho excepcional no meio de campo, originou-se na cidade mineira de Serrania. Desde cedo, ele demonstrou grande talento para o futebol, o que o levou a come\u00e7ar sua carreira profissional no Gin\u00e1sio Pinhalense, um clube da pequena cidade de Esp\u00edrito Santo do Pinhal, em S\u00e3o Paulo. Sua habilidade e determina\u00e7\u00e3o rapidamente o destacaram no cen\u00e1rio nacional, permitindo que ele se mudasse para a Inter de Limeira.<\/p>\n<p>Com um preparo f\u00edsico admir\u00e1vel, Elzo foi consistentemente um jogador titular. Sua destreza em campo n\u00e3o passou despercebida e, com o tempo, ele atraiu a aten\u00e7\u00e3o de clubes maiores. Ap\u00f3s breves passagens por equipes como Amparo e Internacional, foi no Atl\u00e9tico Mineiro que Elzo se consolidou como um nome importante do futebol brasileiro durante a d\u00e9cada de 1980.<\/p>\n<h2>Participa\u00e7\u00e3o Memor\u00e1vel na Copa de 1986<\/h2>\n<p>A Copa do Mundo de 1986, realizada no M\u00e9xico, \u00e9 um marco importante na hist\u00f3ria de Elzo. Ele foi um dos pilares da Sele\u00e7\u00e3o Brasileira, que apresentou um futebol envolvente e forte durante todo o torneio. Sob o comando de Tel\u00ea Santana, a equipe brasileira contava com um elenco de jogadores talentosos, mas Elzo se destacou pela sua garra e pela sua capacidade de jogar a partida e apoiar tanto na defesa quanto no ataque.<\/p>\n<p><img decoding=\"async\" src=\"https:\/\/www.encontraamparo.com.br\/sobre\/wp-content\/uploads\/2026\/02\/elzo-65-anos-ex.webp\" alt=\"Elzo ex-volante Brasil Copa 1986\" loading=\"lazy\" \/><\/p>\n<p>O Brasil teve uma performance impressionante, mas a Copa de 86 tamb\u00e9m foi lembrada pela elimina\u00e7\u00e3o na fase de quartas de final, ap\u00f3s um emocionante confronto com a Fran\u00e7a decidido nos p\u00eanaltis. Mesmo assim, a atua\u00e7\u00e3o de Elzo e de seus companheiros foi muito valorizada, criando uma mem\u00f3ria duradoura para os f\u00e3s de futebol.<\/p>\n<h2>Carreira Internacional: A Transfer\u00eancia para o Benfica<\/h2>\n<p>Ap\u00f3s o destaque na Copa de 1986, n\u00e3o demorou para que Elzo fosse convidado a integrar um clube europeu. Em 1987, ele assinou contrato com o Benfica, um dos gigantes do futebol portugu\u00eas. Durante sua estadia no clube, que se estendeu at\u00e9 1989, ele enfrentou desafios, mas tamb\u00e9m aproveitou as oportunidades de jogar em competi\u00e7\u00f5es europeias, aprimorando ainda mais suas habilidades.<\/p>\n<p>No Benfica, Elzo teve a chance de jogar ao lado de grandes nomes do futebol e sua experi\u00eancia internacional contribuiu para seu desenvolvimento profissional. A passagem pela Europa n\u00e3o apenas aumentou sua visibilidade, mas tamb\u00e9m o preparou para um retorno ao Brasil que se tornaria decisivo para sua carreira.<\/p>\n<h2>Desempenho Not\u00e1vel no Atl\u00e9tico Mineiro<\/h2>\n<p>O retorno de Elzo ao Brasil em 1989 foi para o Palmeiras, mas para muitos, ele j\u00e1 era um \u00edcone do Atl\u00e9tico Mineiro, clube com o qual ele tinha uma conex\u00e3o especial. Ele se tornou membro ativo do time durante o per\u00edodo de 1984 a 1987, ajudando a construir uma era de sucesso. Seu estilo de jogo, que combinava defesa s\u00f3lida com passes precisos, foi um grande diferencial em seu desempenho.<\/p>\n<p>Ainda sob a sombra de seu sucesso na sele\u00e7\u00e3o, Elzo continuou a impressionar enquanto defendia o Galo. Sua dedica\u00e7\u00e3o ao time e os resultados alcan\u00e7ados durante sua perman\u00eancia solidificaram seu status como um dos grandes volantes da \u00e9poca no futebol brasileiro.<\/p>\n<h2>O Retorno ao Brasil e Novos Desafios<\/h2>\n<p>Depois de um per\u00edodo produtivo com o Benfica, Elzo voltou ao Brasil, onde continuou sua trajet\u00f3ria no futebol, passando por clubes como Catanduvense, Catuense e Caldense. Essa fase final de sua carreira como jogador profissional foi marcada por um esp\u00edrito de supera\u00e7\u00e3o e uma vontade de contribuir para o crescimento do futebol nacional em diferentes categorias.<\/p>\n<p>Elzo encerrou sua carreira de jogador em 1993, mas suas contribui\u00e7\u00f5es para o esporte n\u00e3o terminaram ali. Ele se manteve envolvido com o futebol, passando seus conhecimentos e experi\u00eancias para as novas gera\u00e7\u00f5es de jogadores.<\/p>\n<h2>Elzo Hoje: Vida Ap\u00f3s o Futebol<\/h2>\n<p>Atualmente, Elzo reside em Machado, MG, onde se adaptou a uma vida longe dos gramados. Ele se tornou um influente distribuidor de bebidas na regi\u00e3o e tamb\u00e9m \u00e9 propriet\u00e1rio de um restaurante e de uma loja de materiais esportivos. Sua vida na cidade \u00e9 um reflexo de seu car\u00e1ter generoso e colaborativo, sempre buscando contribuir para a comunidade.<\/p>\n<p>Al\u00e9m de seus neg\u00f3cios, Elzo tem participado de eventos esportivos e iniciativas voltadas para o futebol, compartilhando sua trajet\u00f3ria de vida e suas experi\u00eancias com jovens atletas e incentivando-os a seguir seus sonhos. Sua rela\u00e7\u00e3o com o esporte continua forte, mostrando que, mesmo longe dos campos, o legado de Elzo ainda \u00e9 significativo.<\/p>\n<h2>O Legado de Elzo para as Novas Gera\u00e7\u00f5es<\/h2>\n<p>O impacto de Elzo no futebol brasileiro vai al\u00e9m de suas habilidades em campo. Ele simboliza a dedica\u00e7\u00e3o e a paix\u00e3o montadas com um trabalho incessante. Para as novas gera\u00e7\u00f5es, ele serve como um exemplo vivo do que \u00e9 poss\u00edvel alcan\u00e7ar com empenho e um esp\u00edrito esportivo. Sua contribui\u00e7\u00e3o n\u00e3o se limita apenas ao legado em campo, mas tamb\u00e9m \u00e0 influ\u00eancia positiva que exerce em jovens jogadores.<\/p>\n<p>Em sua cidade natal e em outros lugares por onde passou, Elzo \u00e9 lembrado n\u00e3o apenas por seus feitos futebol\u00edsticos, mas tamb\u00e9m por seu compromisso genu\u00edno em apoiar e impulsionar o esporte. Essa combina\u00e7\u00e3o de desempenho e integridade faz dele uma inspira\u00e7\u00e3o viva.<\/p>\n<h2>Entrevista com Elzo: Reflex\u00f5es sobre a Carreira<\/h2>\n<p>Em uma conversa ao lado do jornalista Milton Neves, Elzo compartilhou suas perspectivas sobre sua carreira e as li\u00e7\u00f5es aprendidas ao longo dos anos. Ele destacou a import\u00e2ncia da disciplina e da humildade como pilares que sustentaram seu sucesso. Para Elzo, o futebol \u00e9 muito mais do que um esporte; \u00e9 uma plataforma para transforma\u00e7\u00e3o e crescimento pessoal.<\/p>\n<p>Durante a entrevista, Elzo refletiu sobre os desafios enfrentados na Copa de 1986 e a import\u00e2ncia do trabalho em equipe. Ele ressaltou que todo o sucesso que teve foi fruto de um esfor\u00e7o coletivo, onde cada jogador teve um papel essencial. Essas reflex\u00f5es galvanizam a ideia de que o verdadeiro esp\u00edrito esportivo transcende os triunfos individuais.<\/p>\n<h2>Impacto de Elzo no Futebol Mineiro<\/h2>\n<p>Elzo tamb\u00e9m \u00e9 uma figura importante na cultura do futebol mineiro. Sua trajet\u00f3ria no Atl\u00e9tico Mineiro e sua conex\u00e3o com a comunidade local fazem dele um \u00edcone regional. O carinho que a torcida sentiu por ele permanece, e seus feitos s\u00e3o frequentemente lembrados em discuss\u00f5es sobre os maiores jogadores do estado.<\/p>\n<p>A conex\u00e3o que Elzo mant\u00e9m com suas ra\u00edzes e suas contribui\u00e7\u00f5es \u00e0 forma\u00e7\u00e3o de novos talentos na regi\u00e3o fazem dele um verdadeiro her\u00f3i local, e frequentemente, ele ter\u00e1 um papel ativo em eventos que promovam o futebol entre jovens aspirantes.<\/p>\n<h2>Elzo e suas Contribui\u00e7\u00f5es para o Esporte<\/h2>\n<p>Al\u00e9m de suas conquistas como atleta, Elzo est\u00e1 constantemente se envolvendo em iniciativas que visam melhorar a qualidade do esporte no Brasil. Ele tem apoiado escolas de futebol e academias, sempre buscando incentivar o desenvolvimento de habilidades em jovens. Seu legado, portanto, n\u00e3o reside apenas nas suas conquistas, mas tamb\u00e9m no futuro do esporte que continua a moldar.<\/p>\n<p>Elzo, com seu car\u00e1ter altru\u00edsta e paix\u00e3o pelo futebol, se manifesta como um verdadeiro embaixador do esporte. Atrav\u00e9s de suas a\u00e7\u00f5es, ele inspira outros a olhar para o futebol menos como uma competi\u00e7\u00e3o e mais como uma oportunidade de aprendizado e crescimento.<\/p>\n\n<div style=\"font-size: 0px; height: 0px; line-height: 0px; margin: 0; padding: 0; clear: both;\"><\/div>","protected":false},"excerpt":{"rendered":"<p>Elzo, o ex-volante do Brasil, completou 65 anos e continua ativo no esporte.<\/p>\n","protected":false},"author":1,"featured_media":887,"comment_status":"open","ping_status":"closed","sticky":false,"template":"","format":"standard","meta":{"footnotes":""},"categories":[6],"tags":[],"class_list":["post-888","post","type-post","status-publish","format-standard","has-post-thumbnail","hentry","category-noticias-amparo","has_thumb"],"aioseo_notices":[],"_links":{"self":[{"href":"https:\/\/www.encontraamparo.com.br\/sobre\/wp-json\/wp\/v2\/posts\/888","targetHints":{"allow":["GET"]}}],"collection":[{"href":"https:\/\/www.encontraamparo.com.br\/sobre\/wp-json\/wp\/v2\/posts"}],"about":[{"href":"https:\/\/www.encontraamparo.com.br\/sobre\/wp-json\/wp\/v2\/types\/post"}],"author":[{"embeddable":true,"href":"https:\/\/www.encontraamparo.com.br\/sobre\/wp-json\/wp\/v2\/users\/1"}],"replies":[{"embeddable":true,"href":"https:\/\/www.encontraamparo.com.br\/sobre\/wp-json\/wp\/v2\/comments?post=888"}],"version-history":[{"count":0,"href":"https:\/\/www.encontraamparo.com.br\/sobre\/wp-json\/wp\/v2\/posts\/888\/revisions"}],"wp:featuredmedia":[{"embeddable":true,"href":"https:\/\/www.encontraamparo.com.br\/sobre\/wp-json\/wp\/v2\/media\/887"}],"wp:attachment":[{"href":"https:\/\/www.encontraamparo.com.br\/sobre\/wp-json\/wp\/v2\/media?parent=888"}],"wp:term":[{"taxonomy":"category","embeddable":true,"href":"https:\/\/www.encontraamparo.com.br\/sobre\/wp-json\/wp\/v2\/categories?post=888"},{"taxonomy":"post_tag","embeddable":true,"href":"https:\/\/www.encontraamparo.com.br\/sobre\/wp-json\/wp\/v2\/tags?post=888"}],"curies":[{"name":"wp","href":"https:\/\/api.w.org\/{rel}","templated":true}]}}