{"id":867,"date":"2026-01-29T08:48:05","date_gmt":"2026-01-29T10:48:05","guid":{"rendered":"https:\/\/www.encontraamparo.com.br\/sobre\/menina-grava-pastor-se-masturbando-na-porta-do-quarto-dela\/"},"modified":"2026-01-29T08:48:05","modified_gmt":"2026-01-29T10:48:05","slug":"menina-grava-pastor-se-masturbando-na-porta-do-quarto-dela","status":"publish","type":"post","link":"https:\/\/www.encontraamparo.com.br\/sobre\/menina-grava-pastor-se-masturbando-na-porta-do-quarto-dela\/","title":{"rendered":"Menina grava pastor se masturbando na porta do quarto dela"},"content":{"rendered":"<div class=\"005b81288333650253a1d8c68cb614d0\" data-index=\"1\" style=\"float: none; margin:0px;\">\n<!-- Anuncio display - global -->\r\n<ins class=\"adsbygoogle\"\r\n     style=\"display:block\"\r\n     data-ad-client=\"ca-pub-8585364105181520\"\r\n     data-ad-slot=\"8789329856\"\r\n     data-ad-format=\"auto\"\r\n     data-full-width-responsive=\"true\"><\/ins>\r\n<script>\r\n     (adsbygoogle = window.adsbygoogle || []).push({});\r\n<\/script>\n<\/div>\n<h2>O Caso Chocante em Amparo, SP<\/h2>\n<p>Um evento alarmante ocorreu recentemente em Amparo, S\u00e3o Paulo, onde um pastor evang\u00e9lico, Jos\u00e9 de Jesus, de 63 anos, foi alvo de investiga\u00e7\u00e3o por supostas acusa\u00e7\u00f5es de abuso sexual contra uma menor de idade, uma menina de apenas 12 anos. De acordo com o boletim de ocorr\u00eancia, registrado em 12 de dezembro do ano passado, o incidente teria acontecido tr\u00eas dias antes, quando o pastor prestava servi\u00e7os de pintura na casa da fam\u00edlia da v\u00edtima.<\/p>\n<h2>A Crian\u00e7a e o Registro do Abusador<\/h2>\n<p>Em um ato de coragem e ast\u00facia, a menina gravou o pastor em uma situa\u00e7\u00e3o extremamente constrangedora. Ele estava se masturbando na porta do quarto dela, escondido parcialmente atr\u00e1s da parede. Para conseguir captar as imagens sem levantar suspeitas, a crian\u00e7a fincou-se em sua atividade de fingir que jogava em seu celular. Ap\u00f3s registrar o que presenciava, a jovem relatou \u00e0 sua fam\u00edlia que o homem posteriormente fez coment\u00e1rios de teor sexual acerca dela, chamando-a de &#8220;gostosinha&#8221; e, ent\u00e3o, tentando agredi-la fisicamente ao tocar suas n\u00e1degas.<\/p>\n<h2>Investiga\u00e7\u00e3o da Pol\u00edcia Civil<\/h2>\n<p>A Pol\u00edcia Civil deu in\u00edcio \u00e0 investiga\u00e7\u00e3o ap\u00f3s a den\u00fancia ser formalizada. Ela pediu a pris\u00e3o preventiva do pastor, o que foi apoiado pelo Minist\u00e9rio P\u00fablico. Contudo, o Tribunal de Justi\u00e7a de S\u00e3o Paulo n\u00e3o acatou o pedido e, em vez disso, imp\u00f4s medidas cautelares ao homem. Essas medidas inclu\u00edam restri\u00e7\u00f5es de contato e aproxima\u00e7\u00e3o \u00e0 fam\u00edlia da v\u00edtima, conforme detalhado pelo advogado da fam\u00edlia, Carlos Becalete.<\/p>\n<p><img decoding=\"async\" src=\"https:\/\/www.encontraamparo.com.br\/sobre\/wp-content\/uploads\/2026\/01\/menina-grava-pastor-se-masturbando-na-porta-do-quarto-dela.webp\" alt=\"pastor se masturbando na porta do quarto\" loading=\"lazy\" \/><\/p>\n<h2>A Rea\u00e7\u00e3o da Comunidade e da Igreja<\/h2>\n<p>A comunidade local foi impactada por essa triste e chocante revela\u00e7\u00e3o. O advogado da fam\u00edlia enfatizou que o pastor era visto como uma pessoa de confian\u00e7a, o que torna o epis\u00f3dio ainda mais alarmante. A equipe de reportagem da EPTV, afiliada \u00e0 TV Globo, tentou entrar em contato com a igreja \u00e0 qual o pastor pertence para obter um posicionamento, mas n\u00e3o recebeu retorno at\u00e9 o momento da publica\u00e7\u00e3o do caso.<\/p>\n<h2>Medidas Protetivas para a Fam\u00edlia<\/h2>\n<p>Al\u00e9m das medidas cautelares estabelecidas pelo tribunal, a Justi\u00e7a tamb\u00e9m concedeu ordens de prote\u00e7\u00e3o \u00e0 fam\u00edlia da v\u00edtima, que envolvem o distanciamento do acusado e a proibi\u00e7\u00e3o de contato com a menor. Essas medidas visam garantir a seguran\u00e7a e o bem-estar da crian\u00e7a enquanto as investiga\u00e7\u00f5es est\u00e3o em andamento.<\/p>\n<h2>Implica\u00e7\u00f5es Legais para o Pastor<\/h2>\n<p>Sendo acusado de estupro de vulner\u00e1vel, o pastor enfrenta s\u00e9rias consequ\u00eancias legais. As implica\u00e7\u00f5es dessa acusa\u00e7\u00e3o incluem n\u00e3o apenas san\u00e7\u00f5es criminais severas, mas tamb\u00e9m danos irrepar\u00e1veis \u00e0 sua reputa\u00e7\u00e3o e \u00e0 comunidade da qual ele fez parte. A investiga\u00e7\u00e3o ainda est\u00e1 em andamento, e espera-se que mais detalhes venham \u00e0 tona conforme o processo judicial avan\u00e7a.<\/p>\n<h2>A Import\u00e2ncia da Vigil\u00e2ncia com Crian\u00e7as<\/h2>\n<p>Este caso toca em um ponto cr\u00edtico relacionado \u00e0 prote\u00e7\u00e3o das crian\u00e7as em ambientes familiares e comunit\u00e1rios. \u00c9 essencial que os pais e respons\u00e1veis estejam cada vez mais atentos \u00e0s intera\u00e7\u00f5es das crian\u00e7as com adultos, especialmente aqueles que t\u00eam uma posi\u00e7\u00e3o de confian\u00e7a, como l\u00edderes religiosos e educadores. A educa\u00e7\u00e3o sobre abuso sexual e a promo\u00e7\u00e3o de um di\u00e1logo aberto entre pais e filhos s\u00e3o fundamentais para evitar tais situa\u00e7\u00f5es.<\/p>\n<h2>A Confian\u00e7a Rompida<\/h2>\n<p>A confian\u00e7a depositada na figura do pastor por parte da fam\u00edlia da menina foi tragicamente rompida. A escolha de contratar Jos\u00e9 de Jesus para o trabalho na resid\u00eancia foi baseada em sua reputa\u00e7\u00e3o de ser uma pessoa honesta e respeit\u00e1vel, o que agora se revela um erro devastador. A quebra dessa confian\u00e7a \u00e9 um dos aspectos mais dolorosos desse caso, refletindo como abusadores podem se esconder \u00e0 vista de quem confia neles.<\/p>\n<h2>Testemunhos e Relatos sobre o Incidente<\/h2>\n<p>A cobertura da m\u00eddia em torno desse evento trouxe \u00e0 tona v\u00e1rias rea\u00e7\u00f5es da comunidade. Membros da igreja e da cidade expressaram sua indigna\u00e7\u00e3o e choque ao saber do ocorrido, muitos relatando que nunca imaginaram que tal coisa poderia acontecer na sua localidade. Essa situa\u00e7\u00e3o tamb\u00e9m leva a reflex\u00e3o sobre como comunidades podem estar cegas para o potencial de abuso, mesmo em ambientes considerados seguros.<\/p>\n<h2>O Papel dos M\u00eddia na Exposi\u00e7\u00e3o dos Abusos<\/h2>\n<p>A cobertura da imprensa \u00e9 crucial em casos como esse, pois ajuda a aumentar a conscientiza\u00e7\u00e3o sobre a preval\u00eancia de abusos sexuais e a necessidade de uma cultura de den\u00fancia. A exposi\u00e7\u00e3o de tais incidentes pode incentivar outras v\u00edtimas a se apresentarem, sabendo que n\u00e3o est\u00e3o sozinhas e que h\u00e1 um suporte legal e comunit\u00e1rio dispon\u00edvel. Al\u00e9m disso, a visibilidade da situa\u00e7\u00e3o ressalta a import\u00e2ncia de institui\u00e7\u00f5es mais rigorosas de prote\u00e7\u00e3o e supervis\u00e3o para evitar que tais abusos ocorram novamente.<\/p>\n\n<div style=\"font-size: 0px; height: 0px; line-height: 0px; margin: 0; padding: 0; clear: both;\"><\/div>","protected":false},"excerpt":{"rendered":"<p>Menina grava um pastor se masturbando na porta do quarto dela em um caso chocante.<\/p>\n","protected":false},"author":1,"featured_media":866,"comment_status":"open","ping_status":"closed","sticky":false,"template":"","format":"standard","meta":{"footnotes":""},"categories":[6],"tags":[],"class_list":["post-867","post","type-post","status-publish","format-standard","has-post-thumbnail","hentry","category-noticias-amparo","has_thumb"],"aioseo_notices":[],"_links":{"self":[{"href":"https:\/\/www.encontraamparo.com.br\/sobre\/wp-json\/wp\/v2\/posts\/867","targetHints":{"allow":["GET"]}}],"collection":[{"href":"https:\/\/www.encontraamparo.com.br\/sobre\/wp-json\/wp\/v2\/posts"}],"about":[{"href":"https:\/\/www.encontraamparo.com.br\/sobre\/wp-json\/wp\/v2\/types\/post"}],"author":[{"embeddable":true,"href":"https:\/\/www.encontraamparo.com.br\/sobre\/wp-json\/wp\/v2\/users\/1"}],"replies":[{"embeddable":true,"href":"https:\/\/www.encontraamparo.com.br\/sobre\/wp-json\/wp\/v2\/comments?post=867"}],"version-history":[{"count":0,"href":"https:\/\/www.encontraamparo.com.br\/sobre\/wp-json\/wp\/v2\/posts\/867\/revisions"}],"wp:featuredmedia":[{"embeddable":true,"href":"https:\/\/www.encontraamparo.com.br\/sobre\/wp-json\/wp\/v2\/media\/866"}],"wp:attachment":[{"href":"https:\/\/www.encontraamparo.com.br\/sobre\/wp-json\/wp\/v2\/media?parent=867"}],"wp:term":[{"taxonomy":"category","embeddable":true,"href":"https:\/\/www.encontraamparo.com.br\/sobre\/wp-json\/wp\/v2\/categories?post=867"},{"taxonomy":"post_tag","embeddable":true,"href":"https:\/\/www.encontraamparo.com.br\/sobre\/wp-json\/wp\/v2\/tags?post=867"}],"curies":[{"name":"wp","href":"https:\/\/api.w.org\/{rel}","templated":true}]}}