{"id":315,"date":"2013-09-26T15:00:23","date_gmt":"2013-09-26T17:00:23","guid":{"rendered":"http:\/\/www.encontraamparo.com.br\/noticias\/?p=315"},"modified":"2019-04-29T18:30:11","modified_gmt":"2019-04-29T20:30:11","slug":"semana-do-idoso-2013-em-amparo","status":"publish","type":"post","link":"https:\/\/www.encontraamparo.com.br\/sobre\/semana-do-idoso-2013-em-amparo\/","title":{"rendered":"Semana do Idoso 2013 em Amparo"},"content":{"rendered":"<div class=\"005b81288333650253a1d8c68cb614d0\" data-index=\"1\" style=\"float: none; margin:0px;\">\n<!-- Anuncio display - global -->\r\n<ins class=\"adsbygoogle\"\r\n     style=\"display:block\"\r\n     data-ad-client=\"ca-pub-8585364105181520\"\r\n     data-ad-slot=\"8789329856\"\r\n     data-ad-format=\"auto\"\r\n     data-full-width-responsive=\"true\"><\/ins>\r\n<script>\r\n     (adsbygoogle = window.adsbygoogle || []).push({});\r\n<\/script>\n<\/div>\n<p>A Prefeitura Municipal de Amparo e o Conselho Municipal do Idoso v\u00eam trabalhando juntos em busca de ampliar e intensificar a aten\u00e7\u00e3o aos idosos em nosso munic\u00edpio. Segundo dados do IBGE \/ 2010, Amparo conta com uma popula\u00e7\u00e3o de aproximadamente 9.425 idosos.<\/p>\n<p>Neste sentido, destacamos a atua\u00e7\u00e3o da municipalidade atrav\u00e9s das a\u00e7\u00f5es do Conselho Municipal do Idoso e do Lar dos Velhos de Amparo.<\/p>\n<p>O pr\u00e9dio que atualmente abriga a entidade Lar dos Velhos, inicialmente funcionou como Asylo de Mendigos e come\u00e7ou a ser constru\u00eddo no ano de 1905, por interm\u00e9dio de donativos e doa\u00e7\u00f5es que v\u00e3o desde o pr\u00f3prio terreno, quantias em dinheiro, material de constru\u00e7\u00e3o at\u00e9 os leitos que abrigaram seus moradores.<\/p>\n<p>Segundo o historiador Roberto Pastana Teixeira Lima, no Artigo Asylo de Mendigos, publicado na revista comemorativa do centen\u00e1rio da Institui\u00e7\u00e3o, o edif\u00edcio, inspirado na tradi\u00e7\u00e3o arquitet\u00f4nica cl\u00e1ssica, foi inaugurado em 1910, data de sua funda\u00e7\u00e3o, sendo que o local serviu de abrigo aos mendigos e andarilhos que perambulavam pela cidade. Como um dos pr\u00f3prios frutos e resultados controversos da cidade moderna que n\u00e3o teria lugar para todos.<\/p>\n<p>Foi na d\u00e9cada de sessenta que houve a transforma\u00e7\u00e3o de Asylo de Mendigos, relacionado a pr\u00e1ticas higienistas de caridade, para Lar dos Velhos de Amparo, atuando com os cuidados e atendimento profissionalizado desse p\u00fablico.<\/p>\n<p>O Conselho Municipal do Idoso foi institu\u00eddo em Amparo em 1999, por meio da aprova\u00e7\u00e3o da Lei Municipal N\u00ba 2.443, e, desde ent\u00e3o, em conson\u00e2ncia com os princ\u00edpios do Estatuto do Idoso, se dedica ao acompanhamento da situa\u00e7\u00e3o dos idosos em nossa cidade, tendo em vista a implementa\u00e7\u00e3o de pol\u00edticas p\u00fablicas na \u00e1rea, sendo tamb\u00e9m um dos financiadores dos projetos da referida entidade n\u00e3o governamental, por interm\u00e9dio do Fundo Municipal do Idoso.<\/p>\n<p>As reuni\u00f5es do Conselho Municipal do Idoso acontecem toda a segunda quarta-feira de cada m\u00eas, \u00e0s 15h no Centro de Refer\u00eancia Especializado de Assist\u00eancia Social, localizado na Rua Prefeito Gustavo de Vasconcelos n\u00ba 137. O conselho \u00e9 composto por 24 conselheiros, sendo 12 representantes do poder p\u00fablico e 12 representantes da sociedade civil. Os encontros s\u00e3o abertos a popula\u00e7\u00e3o em geral, portanto, os interessados na tem\u00e1tica podem e devem participar deste espa\u00e7o.<\/p>\n<p>Como parte das a\u00e7\u00f5es do Conselho, sempre em parceria com a Municipalidade, este ano acontecer\u00e1 a V Semana do Idoso de Amparo, por meio da realiza\u00e7\u00e3o de atividades esportivas e culturais focadas no bem estar e conv\u00edvio social dos idosos.<\/p>\n<p>Confira a programa\u00e7\u00e3o e venha participar!<\/p>\n<p><strong>27\/09\/13 &#8211; Jogo de voleibol adaptado<\/strong><\/p>\n<p>Local: Centro Esportivo do Trabalhador &#8211; Hor\u00e1rio: 8h<\/p>\n<p><strong>28\/09\/13 &#8211; Missa em comemora\u00e7\u00e3o ao Dia do Idoso<\/strong><\/p>\n<p>Local: Par\u00f3quia de S\u00e3o Sebasti\u00e3o &#8211; Hor\u00e1rio: 18h30 minutos<br \/>\n<strong>\u00a0<\/strong><br \/>\n<strong>29\/09\/13 \u2013 Apresenta\u00e7\u00e3o do Coral Flor da Montanha, regido por Adriana Voltan<\/strong><\/p>\n<p>Local: Lar dos Velhos &#8211; Hor\u00e1rio: 14h<\/p>\n<p><strong>30\/09\/13 \u2013 Exibi\u00e7\u00e3o do filme Candelabro Italiano na Cinemateca Municipal<\/strong><\/p>\n<p>Local: Radio Cultura &#8211; Hor\u00e1rio: 15h<\/p>\n<p><strong>01\/10\/13 &#8211; Oficina de Beleza: cuidados com os cabelos, incluindo maquiagem<\/strong><\/p>\n<p>Local: Lar dos Velhos \u2013 Hor\u00e1rio: 14h30 minutos \u2013 16h 30minutos<\/p>\n<p><strong>02\/10\/13 &#8211; Passeio na Fazenda com caminhadas, visita a horta e hist\u00f3rias do local<\/strong><\/p>\n<p>Local: Fazenda Santa Agatha \u2013 Sa\u00edda no Centro Esportivo &#8211; Hor\u00e1rio: 7h30 minutos<\/p>\n<p><strong>03\/10\/13 &#8211; Jogos de Mesa \u2013 buraco, domin\u00f3, truco, damas e xadrez<\/strong><\/p>\n<p>Local: Centro Esportivo do Trabalhador \u2013 Hor\u00e1rio: 13h<\/p>\n<p><strong>04\/10\/13 \u2013 Amistoso de Voleibol adaptado entre Amparo X Bragan\u00e7a Paulista<\/strong><\/p>\n<p>Local: Centro Esportivo do Trabalhador \u2013 Hor\u00e1rio 8H<\/p>\n\n<div style=\"font-size: 0px; height: 0px; line-height: 0px; margin: 0; padding: 0; clear: both;\"><\/div>","protected":false},"excerpt":{"rendered":"<p>A Prefeitura Municipal de Amparo e o Conselho Municipal do Idoso v\u00eam trabalhando juntos em busca de ampliar e intensificar a aten\u00e7\u00e3o aos idosos em nosso munic\u00edpio. Segundo dados do IBGE \/ 2010, Amparo conta com uma popula\u00e7\u00e3o de aproximadamente 9.425 idosos. Neste sentido, destacamos a atua\u00e7\u00e3o da municipalidade atrav\u00e9s das a\u00e7\u00f5es do Conselho Municipal do Idoso e do Lar dos Velhos de Amparo. O pr\u00e9dio que atualmente abriga a entidade Lar dos Velhos, inicialmente funcionou como Asylo de Mendigos e come\u00e7ou a ser constru\u00eddo no ano de 1905, por interm\u00e9dio de donativos e doa\u00e7\u00f5es que v\u00e3o desde o pr\u00f3prio <\/p>\n","protected":false},"author":1,"featured_media":0,"comment_status":"open","ping_status":"closed","sticky":false,"template":"","format":"standard","meta":{"footnotes":""},"categories":[6],"tags":[],"class_list":["post-315","post","type-post","status-publish","format-standard","hentry","category-noticias-amparo"],"aioseo_notices":[],"_links":{"self":[{"href":"https:\/\/www.encontraamparo.com.br\/sobre\/wp-json\/wp\/v2\/posts\/315","targetHints":{"allow":["GET"]}}],"collection":[{"href":"https:\/\/www.encontraamparo.com.br\/sobre\/wp-json\/wp\/v2\/posts"}],"about":[{"href":"https:\/\/www.encontraamparo.com.br\/sobre\/wp-json\/wp\/v2\/types\/post"}],"author":[{"embeddable":true,"href":"https:\/\/www.encontraamparo.com.br\/sobre\/wp-json\/wp\/v2\/users\/1"}],"replies":[{"embeddable":true,"href":"https:\/\/www.encontraamparo.com.br\/sobre\/wp-json\/wp\/v2\/comments?post=315"}],"version-history":[{"count":0,"href":"https:\/\/www.encontraamparo.com.br\/sobre\/wp-json\/wp\/v2\/posts\/315\/revisions"}],"wp:attachment":[{"href":"https:\/\/www.encontraamparo.com.br\/sobre\/wp-json\/wp\/v2\/media?parent=315"}],"wp:term":[{"taxonomy":"category","embeddable":true,"href":"https:\/\/www.encontraamparo.com.br\/sobre\/wp-json\/wp\/v2\/categories?post=315"},{"taxonomy":"post_tag","embeddable":true,"href":"https:\/\/www.encontraamparo.com.br\/sobre\/wp-json\/wp\/v2\/tags?post=315"}],"curies":[{"name":"wp","href":"https:\/\/api.w.org\/{rel}","templated":true}]}}