{"id":2044,"date":"2026-09-02T08:21:19","date_gmt":"2026-09-02T10:21:19","guid":{"rendered":"https:\/\/www.encontraamparo.com.br\/sobre\/veja-o-obituario-do-grande-abc-deste-dia-29-de-agosto-de-2026\/"},"modified":"2026-09-02T08:21:19","modified_gmt":"2026-09-02T10:21:19","slug":"veja-o-obituario-do-grande-abc-deste-dia-29-de-agosto-de-2026","status":"publish","type":"post","link":"https:\/\/www.encontraamparo.com.br\/sobre\/veja-o-obituario-do-grande-abc-deste-dia-29-de-agosto-de-2026\/","title":{"rendered":"Veja o Obitu\u00e1rio do Grande ABC deste dia 29 de agosto de 2026"},"content":{"rendered":"<div class=\"005b81288333650253a1d8c68cb614d0\" data-index=\"1\" style=\"float: none; margin:0px;\">\n<!-- Anuncio display - global -->\r\n<ins class=\"adsbygoogle\"\r\n     style=\"display:block\"\r\n     data-ad-client=\"ca-pub-8585364105181520\"\r\n     data-ad-slot=\"8789329856\"\r\n     data-ad-format=\"auto\"\r\n     data-full-width-responsive=\"true\"><\/ins>\r\n<script>\r\n     (adsbygoogle = window.adsbygoogle || []).push({});\r\n<\/script>\n<\/div>\n<h2>Homenagens a quem Partiu<\/h2>\n<p>A morte \u00e9 uma parte inevit\u00e1vel da vida e, ao falarmos sobre aqueles que nos deixaram, criamos n\u00e3o s\u00f3 um espa\u00e7o de reflex\u00e3o, mas tamb\u00e9m uma oportunidade para celebrar suas vidas. Os obitu\u00e1rios servem como uma forma de homenagem, permitindo que amigos e familiares recordem aqueles que partiram, relembrando mem\u00f3rias, virtudes e legados.<\/p>\n<h2>Lembran\u00e7as que Permanecem<\/h2>\n<p>Quando perdemos entes queridos, as mem\u00f3rias deles tornam-se preciosas. Eleger uma lembran\u00e7a especial, seja um momento alegre ou uma conquista significativa, pode proporcionar conforto durante o luto. Isso mostra que as pessoas vividas nunca desaparecem completamente, pois suas hist\u00f3rias e ensinamentos continuam a viver dentro de n\u00f3s.<\/p>\n<h2>A Import\u00e2ncia da Mem\u00f3ria em Nossas Vidas<\/h2>\n<p>Mem\u00f3rias desempenham um papel essencial em nossa identidade e no nosso modo de ver o mundo. \u00c0 medida que recordamos aqueles que amamos, alimentamos nossa trajet\u00f3ria pessoal. \u00c9 nessa troca de experi\u00eancias e sentimentos que perpetuamos o conhecimento e a sabedoria que eles nos deixaram. Saber como lidar com essas mem\u00f3rias pode ser um passo importante para a aceita\u00e7\u00e3o da perda.<\/p>\n<p><img decoding=\"async\" src=\"https:\/\/www.encontraamparo.com.br\/sobre\/wp-content\/uploads\/2026\/09\/veja-o-obituario-do-grande-abc-deste-dia-29-de-agosto-de-2026.webp\" alt=\"obitu\u00e1rio\" loading=\"lazy\" \/><\/p>\n<h2>Obitu\u00e1rios Recentes e Seus Impactos<\/h2>\n<p>Os obitu\u00e1rios s\u00e3o mais do que simples an\u00fancios de falecimento; eles nos convidam a conhecer as vidas de indiv\u00edduos que, de alguma forma, impactaram a sociedade. Cada nome listado vem acompanhado de um conjunto de hist\u00f3rias, emo\u00e7\u00f5es e legados que merecem ser respeitados. A leitura desses obitu\u00e1rios pode ser uma forma de conex\u00e3o, lembrando-nos que todos temos um papel a desempenhar na narrativa da vida.<\/p>\n<h2>Como Lidar com a Perda<\/h2>\n<p>Lidar com a perda de um ente querido pode ser um dos desafios mais dif\u00edceis que enfrentamos. N\u00e3o existe uma maneira certa de enfrentar a dor, mas algumas estrat\u00e9gias podem ajudar:<\/p>\n<ul>\n<li><strong>Aceita\u00e7\u00e3o:<\/strong> Aceitar a realidade da perda \u00e9 o primeiro passo para o processo de luto.<\/li>\n<li><strong>Apoio:<\/strong> Conversar com amigos, familiares ou um profissional pode proporcionar al\u00edvio emocional.<\/li>\n<li><strong>Memorializa\u00e7\u00e3o:<\/strong> Criar uma homenagem ou realizar um ritual pode ser uma maneira de honrar a mem\u00f3ria do falecido.<\/li>\n<li><strong>Autocuidado:<\/strong> Cuidar de nosso bem-estar f\u00edsico e emocional durante o luto \u00e9 vital.<\/li>\n<\/ul>\n<h2>Celebrando Vidas Extraordin\u00e1rias<\/h2>\n<p>Cada vida \u00e9 \u00fanica e merece ser celebrada. Ao registrar hist\u00f3rias de indiv\u00edduos impactantes, n\u00e3o s\u00f3 reconhecemos suas contribui\u00e7\u00f5es, mas tamb\u00e9m inspiramos outros a seguir seus passos. A celebra\u00e7\u00e3o pode vir na forma de uma hist\u00f3ria contada, aplausos a uma realiza\u00e7\u00e3o, ou at\u00e9 mesmo pr\u00e1ticas que foram iniciadas por essas pessoas em vida.<\/p>\n<h2>Reflex\u00f5es sobre a Morte<\/h2>\n<p>A morte nos leva a questionar diversos aspectos da vida. Para muitos, \u00e9 um momento de contempla\u00e7\u00e3o que nos faz valorizar ainda mais os pequenos momentos do dia a dia. Reflex\u00f5es sobre a morte podem nos ensinar sobre a fragilidade da vida e a import\u00e2ncia das rela\u00e7\u00f5es, levando-nos a construir v\u00ednculos mais intensos com aqueles que amamos.<\/p>\n<h2>Vidas que Marcaram o Grande ABC<\/h2>\n<p>A regi\u00e3o do Grande ABC \u00e9 repleta de hist\u00f3rias de vidas que deixaram um legado positivo. Cada obitu\u00e1rio \u00e9 tamb\u00e9m uma chance de destacar o impacto que essas pessoas tiveram em suas comunidades, trazendo \u00e0 tona suas contribui\u00e7\u00f5es sociais, culturais ou profissionais. Reconhecer essas vidas \u00e9 um passo importante para honrar suas mem\u00f3rias e continuar seus legados.<\/p>\n<h2>Dicas para Prestar Homenagens<\/h2>\n<p>Prestar homenagem a algu\u00e9m que partiu pode ser um gesto profundamente significativo. Aqui est\u00e3o algumas sugest\u00f5es:<\/p>\n<ul>\n<li><strong>Escrever uma carta:<\/strong> Expresse suas emo\u00e7\u00f5es e pensamentos em uma carta que pode ser lida em um memorial.<\/li>\n<li><strong>Participar de um evento memorial:<\/strong> Juntar-se a outros que compartilharam experi\u00eancias semelhantes pode ser confortante.<\/li>\n<li><strong>Doar em mem\u00f3ria:<\/strong> Contribuir para uma causa significativa pode perpetuar o legado do falecido.<\/li>\n<li><strong>Compartilhar hist\u00f3rias:<\/strong> Falar sobre mem\u00f3rias e experi\u00eancias com amigos e fam\u00edlia pode proporcionar um senso de comunidade.<\/li>\n<\/ul>\n<h2>A Comunidade e Suas Lembran\u00e7as<\/h2>\n<p>\u00c0 medida que cada indiv\u00edduo parte, uma parte da comunidade tamb\u00e9m se transforma. As lembran\u00e7as coletivas de algu\u00e9m que fez a diferen\u00e7a nos la\u00e7os sociais s\u00e3o um testemunho da import\u00e2ncia de congregar e celebrar a vida em comunidade. Essas mem\u00f3rias compartilhadas s\u00e3o o que fortalece as rela\u00e7\u00f5es e promove um senso de pertencimento.<\/p>\n<p>Os obitu\u00e1rios, com suas mensagens sinceras e pensamentos, se tornaram uma ponte entre a vida e a mem\u00f3ria. Eles n\u00e3o s\u00e3o apenas pe\u00e7as informativas, mas um lembrete cont\u00ednuo da beleza das vidas vividas e das conex\u00f5es que criamos ao longo do caminho.<\/p>\n\n<div style=\"font-size: 0px; height: 0px; line-height: 0px; margin: 0; padding: 0; clear: both;\"><\/div>","protected":false},"excerpt":{"rendered":"<p>Obitu\u00e1rio do Grande ABC traz mem\u00f3rias e homenagens emocionantes.<\/p>\n","protected":false},"author":1,"featured_media":2043,"comment_status":"open","ping_status":"closed","sticky":false,"template":"","format":"standard","meta":{"footnotes":""},"categories":[6],"tags":[],"class_list":["post-2044","post","type-post","status-publish","format-standard","has-post-thumbnail","hentry","category-noticias-amparo","has_thumb"],"aioseo_notices":[],"aioseo_head":"\n\t\t<!-- All in One SEO 5.0.0.1 - aioseo.com -->\n\t<meta name=\"description\" content=\"Obitu\u00e1rio do Grande ABC traz mem\u00f3rias e homenagens emocionantes.\" \/>\n\t<meta name=\"robots\" content=\"max-image-preview:large\" \/>\n\t<meta name=\"author\" content=\"Encontra Amparo\"\/>\n\t<link rel=\"canonical\" href=\"https:\/\/www.encontraamparo.com.br\/sobre\/veja-o-obituario-do-grande-abc-deste-dia-29-de-agosto-de-2026\/\" \/>\n\t<meta name=\"generator\" content=\"All in One SEO (AIOSEO) 5.0.0.1\" \/>\n\t\t<meta property=\"og:locale\" content=\"pt_BR\" \/>\n\t\t<meta property=\"og:site_name\" content=\"Encontra Amparo | Not\u00edcias, eventos, informa\u00e7\u00f5es e dicas na cidade de Amparo e regi\u00e3o\" \/>\n\t\t<meta property=\"og:type\" content=\"article\" \/>\n\t\t<meta property=\"og:title\" content=\"Veja o Obitu\u00e1rio do Grande ABC deste dia 29 de agosto de 2026 | Encontra Amparo\" \/>\n\t\t<meta property=\"og:description\" content=\"Obitu\u00e1rio do Grande ABC traz mem\u00f3rias e homenagens emocionantes.\" \/>\n\t\t<meta property=\"og:url\" content=\"https:\/\/www.encontraamparo.com.br\/sobre\/veja-o-obituario-do-grande-abc-deste-dia-29-de-agosto-de-2026\/\" \/>\n\t\t<meta property=\"article:published_time\" content=\"2026-09-02T10:21:19+00:00\" \/>\n\t\t<meta property=\"article:modified_time\" content=\"2026-09-02T10:21:19+00:00\" \/>\n\t\t<meta name=\"twitter:card\" content=\"summary\" \/>\n\t\t<meta name=\"twitter:title\" content=\"Veja o Obitu\u00e1rio do Grande ABC deste dia 29 de agosto de 2026 | Encontra Amparo\" \/>\n\t\t<meta name=\"twitter:description\" content=\"Obitu\u00e1rio do Grande ABC traz mem\u00f3rias e homenagens emocionantes.\" \/>\n\t\t<script type=\"application\/ld+json\" class=\"aioseo-schema\">\n\t\t\t{\"@context\":\"https:\\\/\\\/schema.org\",\"@graph\":[{\"@type\":\"Article\",\"@id\":\"https:\\\/\\\/www.encontraamparo.com.br\\\/sobre\\\/veja-o-obituario-do-grande-abc-deste-dia-29-de-agosto-de-2026\\\/#article\",\"name\":\"Veja o Obitu\\u00e1rio do Grande ABC deste dia 29 de agosto de 2026 | Encontra Amparo\",\"headline\":\"Veja o Obitu\\u00e1rio do Grande ABC deste dia 29 de agosto de 2026\",\"author\":{\"@id\":\"https:\\\/\\\/www.encontraamparo.com.br\\\/sobre\\\/author\\\/eamparo\\\/#author\"},\"publisher\":{\"@id\":\"https:\\\/\\\/www.encontraamparo.com.br\\\/sobre\\\/#organization\"},\"image\":{\"@type\":\"ImageObject\",\"url\":\"https:\\\/\\\/www.encontraamparo.com.br\\\/sobre\\\/wp-content\\\/uploads\\\/2026\\\/09\\\/veja-o-obituario-do-grande-abc-deste-dia-29-de-agosto-de-2026.webp\",\"width\":280,\"height\":280,\"caption\":\"obitu\\u00e1rio\"},\"datePublished\":\"2026-09-02T08:21:19-02:00\",\"dateModified\":\"2026-09-02T08:21:19-02:00\",\"inLanguage\":\"pt-BR\",\"mainEntityOfPage\":{\"@id\":\"https:\\\/\\\/www.encontraamparo.com.br\\\/sobre\\\/veja-o-obituario-do-grande-abc-deste-dia-29-de-agosto-de-2026\\\/#webpage\"},\"isPartOf\":{\"@id\":\"https:\\\/\\\/www.encontraamparo.com.br\\\/sobre\\\/veja-o-obituario-do-grande-abc-deste-dia-29-de-agosto-de-2026\\\/#webpage\"},\"articleSection\":\"Not\\u00edcias Amparo\"},{\"@type\":\"BreadcrumbList\",\"@id\":\"https:\\\/\\\/www.encontraamparo.com.br\\\/sobre\\\/veja-o-obituario-do-grande-abc-deste-dia-29-de-agosto-de-2026\\\/#breadcrumblist\",\"itemListElement\":[{\"@type\":\"ListItem\",\"@id\":\"https:\\\/\\\/www.encontraamparo.com.br\\\/sobre#listItem\",\"position\":1,\"name\":\"In\\u00edcio\",\"item\":\"https:\\\/\\\/www.encontraamparo.com.br\\\/sobre\",\"nextItem\":{\"@type\":\"ListItem\",\"@id\":\"https:\\\/\\\/www.encontraamparo.com.br\\\/sobre\\\/noticias-amparo\\\/#listItem\",\"name\":\"Not\\u00edcias Amparo\"}},{\"@type\":\"ListItem\",\"@id\":\"https:\\\/\\\/www.encontraamparo.com.br\\\/sobre\\\/noticias-amparo\\\/#listItem\",\"position\":2,\"name\":\"Not\\u00edcias Amparo\",\"item\":\"https:\\\/\\\/www.encontraamparo.com.br\\\/sobre\\\/noticias-amparo\\\/\",\"nextItem\":{\"@type\":\"ListItem\",\"@id\":\"https:\\\/\\\/www.encontraamparo.com.br\\\/sobre\\\/veja-o-obituario-do-grande-abc-deste-dia-29-de-agosto-de-2026\\\/#listItem\",\"name\":\"Veja o Obitu\\u00e1rio do Grande ABC deste dia 29 de agosto de 2026\"},\"previousItem\":{\"@type\":\"ListItem\",\"@id\":\"https:\\\/\\\/www.encontraamparo.com.br\\\/sobre#listItem\",\"name\":\"In\\u00edcio\"}},{\"@type\":\"ListItem\",\"@id\":\"https:\\\/\\\/www.encontraamparo.com.br\\\/sobre\\\/veja-o-obituario-do-grande-abc-deste-dia-29-de-agosto-de-2026\\\/#listItem\",\"position\":3,\"name\":\"Veja o Obitu\\u00e1rio do Grande ABC deste dia 29 de agosto de 2026\",\"previousItem\":{\"@type\":\"ListItem\",\"@id\":\"https:\\\/\\\/www.encontraamparo.com.br\\\/sobre\\\/noticias-amparo\\\/#listItem\",\"name\":\"Not\\u00edcias Amparo\"}}]},{\"@type\":\"Organization\",\"@id\":\"https:\\\/\\\/www.encontraamparo.com.br\\\/sobre\\\/#organization\",\"name\":\"Encontra Amparo\",\"description\":\"Not\\u00edcias, eventos, informa\\u00e7\\u00f5es e dicas na cidade de Amparo e regi\\u00e3o\",\"url\":\"https:\\\/\\\/www.encontraamparo.com.br\\\/sobre\\\/\"},{\"@type\":\"Person\",\"@id\":\"https:\\\/\\\/www.encontraamparo.com.br\\\/sobre\\\/author\\\/eamparo\\\/#author\",\"url\":\"https:\\\/\\\/www.encontraamparo.com.br\\\/sobre\\\/author\\\/eamparo\\\/\",\"name\":\"Encontra Amparo\",\"image\":{\"@type\":\"ImageObject\",\"@id\":\"https:\\\/\\\/www.encontraamparo.com.br\\\/sobre\\\/veja-o-obituario-do-grande-abc-deste-dia-29-de-agosto-de-2026\\\/#authorImage\",\"url\":\"https:\\\/\\\/secure.gravatar.com\\\/avatar\\\/507340682b8270222e1f208e23198b6ae7e2c6a1033ae84e99bc6bce4f82a387?s=96&d=mm&r=g\",\"width\":96,\"height\":96,\"caption\":\"Encontra Amparo\"}},{\"@type\":\"WebPage\",\"@id\":\"https:\\\/\\\/www.encontraamparo.com.br\\\/sobre\\\/veja-o-obituario-do-grande-abc-deste-dia-29-de-agosto-de-2026\\\/#webpage\",\"url\":\"https:\\\/\\\/www.encontraamparo.com.br\\\/sobre\\\/veja-o-obituario-do-grande-abc-deste-dia-29-de-agosto-de-2026\\\/\",\"name\":\"Veja o Obitu\\u00e1rio do Grande ABC deste dia 29 de agosto de 2026 | Encontra Amparo\",\"description\":\"Obitu\\u00e1rio do Grande ABC traz mem\\u00f3rias e homenagens emocionantes.\",\"inLanguage\":\"pt-BR\",\"isPartOf\":{\"@id\":\"https:\\\/\\\/www.encontraamparo.com.br\\\/sobre\\\/#website\"},\"breadcrumb\":{\"@id\":\"https:\\\/\\\/www.encontraamparo.com.br\\\/sobre\\\/veja-o-obituario-do-grande-abc-deste-dia-29-de-agosto-de-2026\\\/#breadcrumblist\"},\"author\":{\"@id\":\"https:\\\/\\\/www.encontraamparo.com.br\\\/sobre\\\/author\\\/eamparo\\\/#author\"},\"creator\":{\"@id\":\"https:\\\/\\\/www.encontraamparo.com.br\\\/sobre\\\/author\\\/eamparo\\\/#author\"},\"image\":{\"@type\":\"ImageObject\",\"url\":\"https:\\\/\\\/www.encontraamparo.com.br\\\/sobre\\\/wp-content\\\/uploads\\\/2026\\\/09\\\/veja-o-obituario-do-grande-abc-deste-dia-29-de-agosto-de-2026.webp\",\"@id\":\"https:\\\/\\\/www.encontraamparo.com.br\\\/sobre\\\/veja-o-obituario-do-grande-abc-deste-dia-29-de-agosto-de-2026\\\/#mainImage\",\"width\":280,\"height\":280,\"caption\":\"obitu\\u00e1rio\"},\"primaryImageOfPage\":{\"@id\":\"https:\\\/\\\/www.encontraamparo.com.br\\\/sobre\\\/veja-o-obituario-do-grande-abc-deste-dia-29-de-agosto-de-2026\\\/#mainImage\"},\"datePublished\":\"2026-09-02T08:21:19-02:00\",\"dateModified\":\"2026-09-02T08:21:19-02:00\"},{\"@type\":\"WebSite\",\"@id\":\"https:\\\/\\\/www.encontraamparo.com.br\\\/sobre\\\/#website\",\"url\":\"https:\\\/\\\/www.encontraamparo.com.br\\\/sobre\\\/\",\"name\":\"Encontra Amparo\",\"description\":\"Not\\u00edcias, eventos, informa\\u00e7\\u00f5es e dicas na cidade de Amparo e regi\\u00e3o\",\"inLanguage\":\"pt-BR\",\"publisher\":{\"@id\":\"https:\\\/\\\/www.encontraamparo.com.br\\\/sobre\\\/#organization\"}}]}\n\t\t<\/script>\n\t\t<!-- All in One SEO -->\n\n","aioseo_head_json":{"title":"Veja o Obitu\u00e1rio do Grande ABC deste dia 29 de agosto de 2026 | Encontra Amparo","description":"Obitu\u00e1rio do Grande ABC traz mem\u00f3rias e homenagens emocionantes.","canonical_url":"https:\/\/www.encontraamparo.com.br\/sobre\/veja-o-obituario-do-grande-abc-deste-dia-29-de-agosto-de-2026\/","robots":"max-image-preview:large","keywords":"","webmasterTools":{"miscellaneous":""},"schema":{"@context":"https:\/\/schema.org","@graph":[{"@type":"Article","@id":"https:\/\/www.encontraamparo.com.br\/sobre\/veja-o-obituario-do-grande-abc-deste-dia-29-de-agosto-de-2026\/#article","name":"Veja o Obitu\u00e1rio do Grande ABC deste dia 29 de agosto de 2026 | Encontra Amparo","headline":"Veja o Obitu\u00e1rio do Grande ABC deste dia 29 de agosto de 2026","author":{"@id":"https:\/\/www.encontraamparo.com.br\/sobre\/author\/eamparo\/#author"},"publisher":{"@id":"https:\/\/www.encontraamparo.com.br\/sobre\/#organization"},"image":{"@type":"ImageObject","url":"https:\/\/www.encontraamparo.com.br\/sobre\/wp-content\/uploads\/2026\/09\/veja-o-obituario-do-grande-abc-deste-dia-29-de-agosto-de-2026.webp","width":280,"height":280,"caption":"obitu\u00e1rio"},"datePublished":"2026-09-02T08:21:19-02:00","dateModified":"2026-09-02T08:21:19-02:00","inLanguage":"pt-BR","mainEntityOfPage":{"@id":"https:\/\/www.encontraamparo.com.br\/sobre\/veja-o-obituario-do-grande-abc-deste-dia-29-de-agosto-de-2026\/#webpage"},"isPartOf":{"@id":"https:\/\/www.encontraamparo.com.br\/sobre\/veja-o-obituario-do-grande-abc-deste-dia-29-de-agosto-de-2026\/#webpage"},"articleSection":"Not\u00edcias Amparo"},{"@type":"BreadcrumbList","@id":"https:\/\/www.encontraamparo.com.br\/sobre\/veja-o-obituario-do-grande-abc-deste-dia-29-de-agosto-de-2026\/#breadcrumblist","itemListElement":[{"@type":"ListItem","@id":"https:\/\/www.encontraamparo.com.br\/sobre#listItem","position":1,"name":"In\u00edcio","item":"https:\/\/www.encontraamparo.com.br\/sobre","nextItem":{"@type":"ListItem","@id":"https:\/\/www.encontraamparo.com.br\/sobre\/noticias-amparo\/#listItem","name":"Not\u00edcias Amparo"}},{"@type":"ListItem","@id":"https:\/\/www.encontraamparo.com.br\/sobre\/noticias-amparo\/#listItem","position":2,"name":"Not\u00edcias Amparo","item":"https:\/\/www.encontraamparo.com.br\/sobre\/noticias-amparo\/","nextItem":{"@type":"ListItem","@id":"https:\/\/www.encontraamparo.com.br\/sobre\/veja-o-obituario-do-grande-abc-deste-dia-29-de-agosto-de-2026\/#listItem","name":"Veja o Obitu\u00e1rio do Grande ABC deste dia 29 de agosto de 2026"},"previousItem":{"@type":"ListItem","@id":"https:\/\/www.encontraamparo.com.br\/sobre#listItem","name":"In\u00edcio"}},{"@type":"ListItem","@id":"https:\/\/www.encontraamparo.com.br\/sobre\/veja-o-obituario-do-grande-abc-deste-dia-29-de-agosto-de-2026\/#listItem","position":3,"name":"Veja o Obitu\u00e1rio do Grande ABC deste dia 29 de agosto de 2026","previousItem":{"@type":"ListItem","@id":"https:\/\/www.encontraamparo.com.br\/sobre\/noticias-amparo\/#listItem","name":"Not\u00edcias Amparo"}}]},{"@type":"Organization","@id":"https:\/\/www.encontraamparo.com.br\/sobre\/#organization","name":"Encontra Amparo","description":"Not\u00edcias, eventos, informa\u00e7\u00f5es e dicas na cidade de Amparo e regi\u00e3o","url":"https:\/\/www.encontraamparo.com.br\/sobre\/"},{"@type":"Person","@id":"https:\/\/www.encontraamparo.com.br\/sobre\/author\/eamparo\/#author","url":"https:\/\/www.encontraamparo.com.br\/sobre\/author\/eamparo\/","name":"Encontra Amparo","image":{"@type":"ImageObject","@id":"https:\/\/www.encontraamparo.com.br\/sobre\/veja-o-obituario-do-grande-abc-deste-dia-29-de-agosto-de-2026\/#authorImage","url":"https:\/\/secure.gravatar.com\/avatar\/507340682b8270222e1f208e23198b6ae7e2c6a1033ae84e99bc6bce4f82a387?s=96&d=mm&r=g","width":96,"height":96,"caption":"Encontra Amparo"}},{"@type":"WebPage","@id":"https:\/\/www.encontraamparo.com.br\/sobre\/veja-o-obituario-do-grande-abc-deste-dia-29-de-agosto-de-2026\/#webpage","url":"https:\/\/www.encontraamparo.com.br\/sobre\/veja-o-obituario-do-grande-abc-deste-dia-29-de-agosto-de-2026\/","name":"Veja o Obitu\u00e1rio do Grande ABC deste dia 29 de agosto de 2026 | Encontra Amparo","description":"Obitu\u00e1rio do Grande ABC traz mem\u00f3rias e homenagens emocionantes.","inLanguage":"pt-BR","isPartOf":{"@id":"https:\/\/www.encontraamparo.com.br\/sobre\/#website"},"breadcrumb":{"@id":"https:\/\/www.encontraamparo.com.br\/sobre\/veja-o-obituario-do-grande-abc-deste-dia-29-de-agosto-de-2026\/#breadcrumblist"},"author":{"@id":"https:\/\/www.encontraamparo.com.br\/sobre\/author\/eamparo\/#author"},"creator":{"@id":"https:\/\/www.encontraamparo.com.br\/sobre\/author\/eamparo\/#author"},"image":{"@type":"ImageObject","url":"https:\/\/www.encontraamparo.com.br\/sobre\/wp-content\/uploads\/2026\/09\/veja-o-obituario-do-grande-abc-deste-dia-29-de-agosto-de-2026.webp","@id":"https:\/\/www.encontraamparo.com.br\/sobre\/veja-o-obituario-do-grande-abc-deste-dia-29-de-agosto-de-2026\/#mainImage","width":280,"height":280,"caption":"obitu\u00e1rio"},"primaryImageOfPage":{"@id":"https:\/\/www.encontraamparo.com.br\/sobre\/veja-o-obituario-do-grande-abc-deste-dia-29-de-agosto-de-2026\/#mainImage"},"datePublished":"2026-09-02T08:21:19-02:00","dateModified":"2026-09-02T08:21:19-02:00"},{"@type":"WebSite","@id":"https:\/\/www.encontraamparo.com.br\/sobre\/#website","url":"https:\/\/www.encontraamparo.com.br\/sobre\/","name":"Encontra Amparo","description":"Not\u00edcias, eventos, informa\u00e7\u00f5es e dicas na cidade de Amparo e regi\u00e3o","inLanguage":"pt-BR","publisher":{"@id":"https:\/\/www.encontraamparo.com.br\/sobre\/#organization"}}]},"og:locale":"pt_BR","og:site_name":"Encontra Amparo | Not\u00edcias, eventos, informa\u00e7\u00f5es e dicas na cidade de Amparo e regi\u00e3o","og:type":"article","og:title":"Veja o Obitu\u00e1rio do Grande ABC deste dia 29 de agosto de 2026 | Encontra Amparo","og:description":"Obitu\u00e1rio do Grande ABC traz mem\u00f3rias e homenagens emocionantes.","og:url":"https:\/\/www.encontraamparo.com.br\/sobre\/veja-o-obituario-do-grande-abc-deste-dia-29-de-agosto-de-2026\/","article:published_time":"2026-09-02T10:21:19+00:00","article:modified_time":"2026-09-02T10:21:19+00:00","twitter:card":"summary","twitter:title":"Veja o Obitu\u00e1rio do Grande ABC deste dia 29 de agosto de 2026 | Encontra Amparo","twitter:description":"Obitu\u00e1rio do Grande ABC traz mem\u00f3rias e homenagens emocionantes."},"aioseo_meta_data":{"post_id":"2044","title":null,"description":null,"keywords":null,"keyphrases":null,"primary_term":null,"canonical_url":null,"og_title":null,"og_description":null,"og_object_type":"default","og_image_type":"default","og_image_url":null,"og_image_width":null,"og_image_height":null,"og_image_custom_url":null,"og_image_custom_fields":null,"og_video":null,"og_custom_url":null,"og_article_section":null,"og_article_tags":null,"twitter_use_og":false,"twitter_card":"default","twitter_image_type":"default","twitter_image_url":null,"twitter_image_custom_url":null,"twitter_image_custom_fields":null,"twitter_title":null,"twitter_description":null,"schema":{"blockGraphs":[],"customGraphs":[],"default":{"data":{"Article":[],"Course":[],"Dataset":[],"FAQPage":[],"Movie":[],"Person":[],"Product":[],"ProductReview":[],"Car":[],"Recipe":[],"Service":[],"SoftwareApplication":[],"WebPage":[]},"graphName":"Article","isEnabled":true},"graphs":[]},"schema_type":"default","schema_type_options":null,"pillar_content":false,"robots_default":true,"robots_noindex":false,"robots_noarchive":false,"robots_nosnippet":false,"robots_nofollow":false,"robots_noimageindex":false,"robots_noodp":false,"robots_notranslate":false,"robots_max_snippet":null,"robots_max_videopreview":null,"robots_max_imagepreview":"large","priority":null,"frequency":null,"local_seo":null,"breadcrumb_settings":null,"limit_modified_date":false,"ai":null,"created":"2026-09-02 10:21:19","updated":"2026-09-02 10:23:09","focus_keyword":null,"additional_keywords":null,"truseo_locale":null,"seo_analyzer_scan_date":null},"aioseo_breadcrumb":"<div class=\"aioseo-breadcrumbs\"><span class=\"aioseo-breadcrumb\">\n\t\t\t<a href=\"https:\/\/www.encontraamparo.com.br\/sobre\" title=\"In\u00edcio\">In\u00edcio<\/a>\n\t\t<\/span><span class=\"aioseo-breadcrumb-separator\">&raquo;<\/span><span class=\"aioseo-breadcrumb\">\n\t\t\t<a href=\"https:\/\/www.encontraamparo.com.br\/sobre\/noticias-amparo\/\" title=\"Not\u00edcias Amparo\">Not\u00edcias Amparo<\/a>\n\t\t<\/span><span class=\"aioseo-breadcrumb-separator\">&raquo;<\/span><span class=\"aioseo-breadcrumb\">\n\t\t\tVeja o Obitu\u00e1rio do Grande ABC deste dia 29 de agosto de 2026\n\t\t<\/span><\/div>","aioseo_breadcrumb_json":[{"label":"In\u00edcio","link":"https:\/\/www.encontraamparo.com.br\/sobre"},{"label":"Not\u00edcias Amparo","link":"https:\/\/www.encontraamparo.com.br\/sobre\/noticias-amparo\/"},{"label":"Veja o Obitu\u00e1rio do Grande ABC deste dia 29 de agosto de 2026","link":"https:\/\/www.encontraamparo.com.br\/sobre\/veja-o-obituario-do-grande-abc-deste-dia-29-de-agosto-de-2026\/"}],"_links":{"self":[{"href":"https:\/\/www.encontraamparo.com.br\/sobre\/wp-json\/wp\/v2\/posts\/2044","targetHints":{"allow":["GET"]}}],"collection":[{"href":"https:\/\/www.encontraamparo.com.br\/sobre\/wp-json\/wp\/v2\/posts"}],"about":[{"href":"https:\/\/www.encontraamparo.com.br\/sobre\/wp-json\/wp\/v2\/types\/post"}],"author":[{"embeddable":true,"href":"https:\/\/www.encontraamparo.com.br\/sobre\/wp-json\/wp\/v2\/users\/1"}],"replies":[{"embeddable":true,"href":"https:\/\/www.encontraamparo.com.br\/sobre\/wp-json\/wp\/v2\/comments?post=2044"}],"version-history":[{"count":0,"href":"https:\/\/www.encontraamparo.com.br\/sobre\/wp-json\/wp\/v2\/posts\/2044\/revisions"}],"wp:featuredmedia":[{"embeddable":true,"href":"https:\/\/www.encontraamparo.com.br\/sobre\/wp-json\/wp\/v2\/media\/2043"}],"wp:attachment":[{"href":"https:\/\/www.encontraamparo.com.br\/sobre\/wp-json\/wp\/v2\/media?parent=2044"}],"wp:term":[{"taxonomy":"category","embeddable":true,"href":"https:\/\/www.encontraamparo.com.br\/sobre\/wp-json\/wp\/v2\/categories?post=2044"},{"taxonomy":"post_tag","embeddable":true,"href":"https:\/\/www.encontraamparo.com.br\/sobre\/wp-json\/wp\/v2\/tags?post=2044"}],"curies":[{"name":"wp","href":"https:\/\/api.w.org\/{rel}","templated":true}]}}