{"id":2026,"date":"2026-08-30T09:03:24","date_gmt":"2026-08-30T11:03:24","guid":{"rendered":"https:\/\/www.encontraamparo.com.br\/sobre\/decisao-2026-tarcisio-promete-manter-bolsas-da-fapesp-e-haddad-diz-que-educacao-especial-esta-em-frangalhos-veja-o-dia-dos-candidatos-ao-governo-de-sp\/"},"modified":"2026-08-30T09:03:24","modified_gmt":"2026-08-30T11:03:24","slug":"decisao-2026-tarcisio-promete-manter-bolsas-da-fapesp-e-haddad-diz-que-educacao-especial-esta-em-frangalhos-veja-o-dia-dos-candidatos-ao-governo-de-sp","status":"publish","type":"post","link":"https:\/\/www.encontraamparo.com.br\/sobre\/decisao-2026-tarcisio-promete-manter-bolsas-da-fapesp-e-haddad-diz-que-educacao-especial-esta-em-frangalhos-veja-o-dia-dos-candidatos-ao-governo-de-sp\/","title":{"rendered":"DECIS\u00c3O 2026: Tarc\u00edsio promete manter bolsas da Fapesp e Haddad diz que educa\u00e7\u00e3o especial est\u00e1 \u201cem frangalhos\u201d; veja o dia dos candidatos ao governo de SP"},"content":{"rendered":"<div class=\"005b81288333650253a1d8c68cb614d0\" data-index=\"1\" style=\"float: none; margin:0px;\">\n<!-- Anuncio display - global -->\r\n<ins class=\"adsbygoogle\"\r\n     style=\"display:block\"\r\n     data-ad-client=\"ca-pub-8585364105181520\"\r\n     data-ad-slot=\"8789329856\"\r\n     data-ad-format=\"auto\"\r\n     data-full-width-responsive=\"true\"><\/ins>\r\n<script>\r\n     (adsbygoogle = window.adsbygoogle || []).push({});\r\n<\/script>\n<\/div>\n<h2>Candidatos em A\u00e7\u00e3o: A Agenda do Dia<\/h2>\n<p>Nesta sexta-feira, 28 de agosto de 2026, os principais candidatos ao governo do estado de S\u00e3o Paulo ocuparam suas agendas com uma variedade de atividades, que inclu\u00edram compromissos em diferentes regi\u00f5es do estado, ao mesmo tempo em que buscaram se conectar com os eleitores de maneira mais pr\u00f3xima. Tarc\u00edsio de Freitas, do Republicanos, dedicou seu dia \u00e0 campanha em v\u00e1rias cidades, enquanto Fernando Haddad, do PT, se concentrou em a\u00e7\u00f5es na Zona Leste da capital. Vera L\u00facia do PSTU e Izadora Dias do PCO tamb\u00e9m marcaram presen\u00e7a em atividades destacadas, refletindo a diversidade de abordagens pol\u00edticas desse per\u00edodo eleitoral.<\/p>\n<h2>Promessas de Tarc\u00edsio sobre as Bolsas<\/h2>\n<p>Ao iniciar suas atividades em Amparo, Tarc\u00edsio de Freitas visitou a Barragem Duas Pontes, enfatizando a import\u00e2ncia dos investimentos em seguran\u00e7a h\u00eddrica para a regi\u00e3o. Durante a sua passagem pelo Mercado Municipal, falou sobre a manuten\u00e7\u00e3o das bolsas da Funda\u00e7\u00e3o de Amparo \u00e0 Pesquisa do Estado de S\u00e3o Paulo (Fapesp) e garantiu que n\u00e3o haveria corte nos recursos destinados a esses programas. &#8220;O suporte \u00e0s bolsas da Fapesp est\u00e1 assegurado, nossa receita financia integralmente esses recursos&#8221;, declarou, refor\u00e7ando seu compromisso com a pesquisa e a educa\u00e7\u00e3o em S\u00e3o Paulo.<\/p>\n<h2>Haddad e os Desafios da Educa\u00e7\u00e3o Especial<\/h2>\n<p>No mesmo dia, Fernando Haddad participou de uma roda de conversa no Complexo Esportivo Cohab 1, localizado na Cidade A.E. Carvalho. Em encontro com m\u00e3es de crian\u00e7as com defici\u00eancia, ele trouxe \u00e0 tona as dificuldades que o sistema de educa\u00e7\u00e3o especial enfrenta em S\u00e3o Paulo. Em suas palavras, Haddad disse: &#8220;A educa\u00e7\u00e3o especial est\u00e1 em frangalhos no Estado de S\u00e3o Paulo&#8221;, sublinhando a urg\u00eancia de solu\u00e7\u00f5es eficazes para atender esse p\u00fablico. Ele defendeu a aplica\u00e7\u00e3o de recursos do Fundeb para promover atividades especializadas, essenciais para melhorar a situa\u00e7\u00e3o das crian\u00e7as atendidas pela educa\u00e7\u00e3o regular.<\/p>\n<p><img decoding=\"async\" src=\"https:\/\/www.encontraamparo.com.br\/sobre\/wp-content\/uploads\/2026\/08\/decisao-2026-tarcisio-promete-manter-bolsas-da-fapesp-e-haddad-diz-que-educacao-especial-esta-em-fra.webp\" alt=\"decisao 2026\" loading=\"lazy\" \/><\/p>\n<h2>Encontros com Apoiadores e a Realidade<\/h2>\n<p>Al\u00e9m de suas propostas, Haddad se comprometeu a encaminhar as queixas recebidas das m\u00e3es a \u00f3rg\u00e3os respons\u00e1veis, como a Defensoria P\u00fablica e o Minist\u00e9rio P\u00fablico. &#8220;N\u00e3o \u00e9 s\u00f3 quest\u00e3o de elei\u00e7\u00f5es, \u00e9 uma responsabilidade com a sociedade. Vamos atuar para garantir que essas queixas sejam ouvidas e solucionadas&#8221;, prometeu. Essa postura reflete uma estrat\u00e9gia focada em envolvimento comunit\u00e1rio, destacando a import\u00e2ncia da educa\u00e7\u00e3o e do suporte \u00e0s crian\u00e7as com necessidades especiais.<\/p>\n<h2>Investimentos em Seguran\u00e7a H\u00eddrica<\/h2>\n<p>Na visita a Amparo, Tarc\u00edsio tamb\u00e9m ressaltou a necessidade de investimentos em infraestrutura h\u00eddrica, afirmando que a obra na Barragem Duas Pontes \u00e9 vital para a seguran\u00e7a do abastecimento de \u00e1gua na Regi\u00e3o Metropolitana de Campinas. &#8220;Este projeto \u00e9 fundamental para assegurar que a \u00e1gua chegue de forma cont\u00ednua e segura \u00e0 popula\u00e7\u00e3o&#8221;, afirmou Tarc\u00edsio, mostrando sua preocupa\u00e7\u00e3o com quest\u00f5es ambientais e de sustentabilidade na gest\u00e3o p\u00fablica.<\/p>\n<h2>Projetos para Melhorar a Educa\u00e7\u00e3o Especial<\/h2>\n<p>Haddad enfatizou que a educa\u00e7\u00e3o especial precisa de um tratamento priorit\u00e1rio e que os recursos necess\u00e1rios devem ser direcionados eficientemente. Ele acredita que a amplia\u00e7\u00e3o de atividades para crian\u00e7as em situa\u00e7\u00e3o de vulnerabilidade \u00e9 crucial para que todos os estudantes tenham acesso \u00e0 educa\u00e7\u00e3o de qualidade. A luta por condi\u00e7\u00f5es adequadas para todos os alunos \u00e9 um ponto central em sua campanha, destacando seus planos para reformular a abordagem da educa\u00e7\u00e3o especial no estado.<\/p>\n<h2>Cr\u00edticas \u00e0 Gest\u00e3o Atual da Educa\u00e7\u00e3o<\/h2>\n<p>O petista tamb\u00e9m n\u00e3o hesitou em criticar a administra\u00e7\u00e3o atual, afirmando que faltam investimentos e planejamento adequado. Segundo ele, a gest\u00e3o de Tarc\u00edsio tem priorizado plataformas e iniciativas que n\u00e3o atendem as necessidades reais da popula\u00e7\u00e3o. Essa cr\u00edtica \u00e9 uma parte relevante da ret\u00f3rica de Haddad, que visa estabelecer um contraste direto entre sua proposta de gest\u00e3o e a forma como acredita que o estado tem sido conduzido.<\/p>\n<h2>Reuni\u00f5es com M\u00e3es de Crian\u00e7as At\u00edpicas<\/h2>\n<p>A intera\u00e7\u00e3o de Haddad com as m\u00e3es e sua disposi\u00e7\u00e3o para ouvir as queixas e sugest\u00f5es foi bem recebida. As m\u00e3es expressaram sua gratid\u00e3o pela aten\u00e7\u00e3o e pela oportunidade de discutir abertamente os desafios enfrentados por seus filhos. Esse tipo de intera\u00e7\u00e3o \u00e9 essencial, pois possibilita um entendimento mais profundo das necessidades da comunidade e como os representantes pol\u00edticos podem atuar de forma mais eficaz.<\/p>\n<h2>Ato Contra Privatiza\u00e7\u00f5es e Terceiriza\u00e7\u00f5es<\/h2>\n<p>Enquanto isso, Vera L\u00facia (PSTU) participou de um ato no v\u00e3o livre do Masp, na Avenida Paulista, onde se manifestou contra as privatiza\u00e7\u00f5es e terceiriza\u00e7\u00f5es, al\u00e9m de defender a import\u00e2ncia dos servi\u00e7os p\u00fablicos e da educa\u00e7\u00e3o. Vera posicionou-se firmemente contra pol\u00edticas que, segundo ela, prejudicam a qualidade dos servi\u00e7os oferecidos \u00e0 popula\u00e7\u00e3o e amea\u00e7am a integridade da educa\u00e7\u00e3o p\u00fablica.<\/p>\n<h2>Vis\u00f5es Pol\u00edticas para o Futuro de SP<\/h2>\n<p>Izadora Dias (PCO) utilizou o tempo de campanha para participar de atividades relacionadas \u00e0 sua plataforma pol\u00edtica, concentrando-se em grava\u00e7\u00f5es para a televis\u00e3o. Sua estrat\u00e9gia inclui a promo\u00e7\u00e3o de ideias voltadas \u00e0 mudan\u00e7a social e \u00e0 cr\u00edtica ao establishment pol\u00edtico atual. Apesar de sua atua\u00e7\u00e3o menos vis\u00edvel em termos de encontros p\u00fablicos, sua agenda interna reflete um empenho em consolidar a presen\u00e7a do PCO no debate pol\u00edtico.<\/p>\n<p>Dessa forma, a atua\u00e7\u00e3o dos candidatos na corrida eleitoral para o governo de S\u00e3o Paulo revela diferentes abordagens e prioridades, tudo isso em um cen\u00e1rio competitivo que visa responder aos anseios da popula\u00e7\u00e3o. As promessas sobre educa\u00e7\u00e3o, seguran\u00e7a h\u00eddrica e cr\u00edticas \u00e0 gest\u00e3o atual est\u00e3o marcando a trajet\u00f3ria desta elei\u00e7\u00e3o, enquanto os candidatos buscam conquistar a confian\u00e7a dos eleitores e apresentar vis\u00f5es que moldar\u00e3o o futuro do estado.<\/p>\n\n<div style=\"font-size: 0px; height: 0px; line-height: 0px; margin: 0; padding: 0; clear: both;\"><\/div>","protected":false},"excerpt":{"rendered":"<p>DECIS\u00c3O 2026 explora a continuidade das bolsas da Fapesp e desafios na educa\u00e7\u00e3o especial.<\/p>\n","protected":false},"author":1,"featured_media":2025,"comment_status":"open","ping_status":"closed","sticky":false,"template":"","format":"standard","meta":{"footnotes":""},"categories":[22],"tags":[],"class_list":["post-2026","post","type-post","status-publish","format-standard","has-post-thumbnail","hentry","category-educacao-amparo","has_thumb"],"aioseo_notices":[],"aioseo_head":"\n\t\t<!-- All in One SEO 5.0.0.1 - aioseo.com -->\n\t<meta name=\"description\" content=\"DECIS\u00c3O 2026 explora a continuidade das bolsas da Fapesp e desafios na educa\u00e7\u00e3o especial.\" \/>\n\t<meta name=\"robots\" content=\"max-image-preview:large\" \/>\n\t<meta name=\"author\" content=\"Encontra Amparo\"\/>\n\t<link rel=\"canonical\" href=\"https:\/\/www.encontraamparo.com.br\/sobre\/decisao-2026-tarcisio-promete-manter-bolsas-da-fapesp-e-haddad-diz-que-educacao-especial-esta-em-frangalhos-veja-o-dia-dos-candidatos-ao-governo-de-sp\/\" \/>\n\t<meta name=\"generator\" content=\"All in One SEO (AIOSEO) 5.0.0.1\" \/>\n\t\t<meta property=\"og:locale\" content=\"pt_BR\" \/>\n\t\t<meta property=\"og:site_name\" content=\"Encontra Amparo | Not\u00edcias, eventos, informa\u00e7\u00f5es e dicas na cidade de Amparo e regi\u00e3o\" \/>\n\t\t<meta property=\"og:type\" content=\"article\" \/>\n\t\t<meta property=\"og:title\" content=\"DECIS\u00c3O 2026: Tarc\u00edsio promete manter bolsas da Fapesp e Haddad diz que educa\u00e7\u00e3o especial est\u00e1 \u201cem frangalhos\u201d; veja o dia dos candidatos ao governo de SP | Encontra Amparo\" \/>\n\t\t<meta property=\"og:description\" content=\"DECIS\u00c3O 2026 explora a continuidade das bolsas da Fapesp e desafios na educa\u00e7\u00e3o especial.\" \/>\n\t\t<meta property=\"og:url\" content=\"https:\/\/www.encontraamparo.com.br\/sobre\/decisao-2026-tarcisio-promete-manter-bolsas-da-fapesp-e-haddad-diz-que-educacao-especial-esta-em-frangalhos-veja-o-dia-dos-candidatos-ao-governo-de-sp\/\" \/>\n\t\t<meta property=\"article:published_time\" content=\"2026-08-30T11:03:24+00:00\" \/>\n\t\t<meta property=\"article:modified_time\" content=\"2026-08-30T11:03:24+00:00\" \/>\n\t\t<meta name=\"twitter:card\" content=\"summary\" \/>\n\t\t<meta name=\"twitter:title\" content=\"DECIS\u00c3O 2026: Tarc\u00edsio promete manter bolsas da Fapesp e Haddad diz que educa\u00e7\u00e3o especial est\u00e1 \u201cem frangalhos\u201d; veja o dia dos candidatos ao governo de SP | Encontra Amparo\" \/>\n\t\t<meta name=\"twitter:description\" content=\"DECIS\u00c3O 2026 explora a continuidade das bolsas da Fapesp e desafios na educa\u00e7\u00e3o especial.\" \/>\n\t\t<script type=\"application\/ld+json\" class=\"aioseo-schema\">\n\t\t\t{\"@context\":\"https:\\\/\\\/schema.org\",\"@graph\":[{\"@type\":\"Article\",\"@id\":\"https:\\\/\\\/www.encontraamparo.com.br\\\/sobre\\\/decisao-2026-tarcisio-promete-manter-bolsas-da-fapesp-e-haddad-diz-que-educacao-especial-esta-em-frangalhos-veja-o-dia-dos-candidatos-ao-governo-de-sp\\\/#article\",\"name\":\"DECIS\\u00c3O 2026: Tarc\\u00edsio promete manter bolsas da Fapesp e Haddad diz que educa\\u00e7\\u00e3o especial est\\u00e1 \\u201cem frangalhos\\u201d; veja o dia dos candidatos ao governo de SP | Encontra Amparo\",\"headline\":\"DECIS\\u00c3O 2026: Tarc\\u00edsio promete manter bolsas da Fapesp e Haddad diz que educa\\u00e7\\u00e3o especial est\\u00e1 \\u201cem frangalhos\\u201d; veja o dia dos candidatos ao governo de SP\",\"author\":{\"@id\":\"https:\\\/\\\/www.encontraamparo.com.br\\\/sobre\\\/author\\\/eamparo\\\/#author\"},\"publisher\":{\"@id\":\"https:\\\/\\\/www.encontraamparo.com.br\\\/sobre\\\/#organization\"},\"image\":{\"@type\":\"ImageObject\",\"url\":\"https:\\\/\\\/www.encontraamparo.com.br\\\/sobre\\\/wp-content\\\/uploads\\\/2026\\\/08\\\/decisao-2026-tarcisio-promete-manter-bolsas-da-fapesp-e-haddad-diz-que-educacao-especial-esta-em-fra.webp\",\"width\":280,\"height\":280,\"caption\":\"decisao 2026\"},\"datePublished\":\"2026-08-30T09:03:24-02:00\",\"dateModified\":\"2026-08-30T09:03:24-02:00\",\"inLanguage\":\"pt-BR\",\"mainEntityOfPage\":{\"@id\":\"https:\\\/\\\/www.encontraamparo.com.br\\\/sobre\\\/decisao-2026-tarcisio-promete-manter-bolsas-da-fapesp-e-haddad-diz-que-educacao-especial-esta-em-frangalhos-veja-o-dia-dos-candidatos-ao-governo-de-sp\\\/#webpage\"},\"isPartOf\":{\"@id\":\"https:\\\/\\\/www.encontraamparo.com.br\\\/sobre\\\/decisao-2026-tarcisio-promete-manter-bolsas-da-fapesp-e-haddad-diz-que-educacao-especial-esta-em-frangalhos-veja-o-dia-dos-candidatos-ao-governo-de-sp\\\/#webpage\"},\"articleSection\":\"Educa\\u00e7\\u00e3o Amparo\"},{\"@type\":\"BreadcrumbList\",\"@id\":\"https:\\\/\\\/www.encontraamparo.com.br\\\/sobre\\\/decisao-2026-tarcisio-promete-manter-bolsas-da-fapesp-e-haddad-diz-que-educacao-especial-esta-em-frangalhos-veja-o-dia-dos-candidatos-ao-governo-de-sp\\\/#breadcrumblist\",\"itemListElement\":[{\"@type\":\"ListItem\",\"@id\":\"https:\\\/\\\/www.encontraamparo.com.br\\\/sobre#listItem\",\"position\":1,\"name\":\"In\\u00edcio\",\"item\":\"https:\\\/\\\/www.encontraamparo.com.br\\\/sobre\",\"nextItem\":{\"@type\":\"ListItem\",\"@id\":\"https:\\\/\\\/www.encontraamparo.com.br\\\/sobre\\\/educacao-amparo\\\/#listItem\",\"name\":\"Educa\\u00e7\\u00e3o Amparo\"}},{\"@type\":\"ListItem\",\"@id\":\"https:\\\/\\\/www.encontraamparo.com.br\\\/sobre\\\/educacao-amparo\\\/#listItem\",\"position\":2,\"name\":\"Educa\\u00e7\\u00e3o Amparo\",\"item\":\"https:\\\/\\\/www.encontraamparo.com.br\\\/sobre\\\/educacao-amparo\\\/\",\"nextItem\":{\"@type\":\"ListItem\",\"@id\":\"https:\\\/\\\/www.encontraamparo.com.br\\\/sobre\\\/decisao-2026-tarcisio-promete-manter-bolsas-da-fapesp-e-haddad-diz-que-educacao-especial-esta-em-frangalhos-veja-o-dia-dos-candidatos-ao-governo-de-sp\\\/#listItem\",\"name\":\"DECIS\\u00c3O 2026: Tarc\\u00edsio promete manter bolsas da Fapesp e Haddad diz que educa\\u00e7\\u00e3o especial est\\u00e1 \\u201cem frangalhos\\u201d; veja o dia dos candidatos ao governo de SP\"},\"previousItem\":{\"@type\":\"ListItem\",\"@id\":\"https:\\\/\\\/www.encontraamparo.com.br\\\/sobre#listItem\",\"name\":\"In\\u00edcio\"}},{\"@type\":\"ListItem\",\"@id\":\"https:\\\/\\\/www.encontraamparo.com.br\\\/sobre\\\/decisao-2026-tarcisio-promete-manter-bolsas-da-fapesp-e-haddad-diz-que-educacao-especial-esta-em-frangalhos-veja-o-dia-dos-candidatos-ao-governo-de-sp\\\/#listItem\",\"position\":3,\"name\":\"DECIS\\u00c3O 2026: Tarc\\u00edsio promete manter bolsas da Fapesp e Haddad diz que educa\\u00e7\\u00e3o especial est\\u00e1 \\u201cem frangalhos\\u201d; veja o dia dos candidatos ao governo de SP\",\"previousItem\":{\"@type\":\"ListItem\",\"@id\":\"https:\\\/\\\/www.encontraamparo.com.br\\\/sobre\\\/educacao-amparo\\\/#listItem\",\"name\":\"Educa\\u00e7\\u00e3o Amparo\"}}]},{\"@type\":\"Organization\",\"@id\":\"https:\\\/\\\/www.encontraamparo.com.br\\\/sobre\\\/#organization\",\"name\":\"Encontra Amparo\",\"description\":\"Not\\u00edcias, eventos, informa\\u00e7\\u00f5es e dicas na cidade de Amparo e regi\\u00e3o\",\"url\":\"https:\\\/\\\/www.encontraamparo.com.br\\\/sobre\\\/\"},{\"@type\":\"Person\",\"@id\":\"https:\\\/\\\/www.encontraamparo.com.br\\\/sobre\\\/author\\\/eamparo\\\/#author\",\"url\":\"https:\\\/\\\/www.encontraamparo.com.br\\\/sobre\\\/author\\\/eamparo\\\/\",\"name\":\"Encontra Amparo\",\"image\":{\"@type\":\"ImageObject\",\"@id\":\"https:\\\/\\\/www.encontraamparo.com.br\\\/sobre\\\/decisao-2026-tarcisio-promete-manter-bolsas-da-fapesp-e-haddad-diz-que-educacao-especial-esta-em-frangalhos-veja-o-dia-dos-candidatos-ao-governo-de-sp\\\/#authorImage\",\"url\":\"https:\\\/\\\/secure.gravatar.com\\\/avatar\\\/507340682b8270222e1f208e23198b6ae7e2c6a1033ae84e99bc6bce4f82a387?s=96&d=mm&r=g\",\"width\":96,\"height\":96,\"caption\":\"Encontra Amparo\"}},{\"@type\":\"WebPage\",\"@id\":\"https:\\\/\\\/www.encontraamparo.com.br\\\/sobre\\\/decisao-2026-tarcisio-promete-manter-bolsas-da-fapesp-e-haddad-diz-que-educacao-especial-esta-em-frangalhos-veja-o-dia-dos-candidatos-ao-governo-de-sp\\\/#webpage\",\"url\":\"https:\\\/\\\/www.encontraamparo.com.br\\\/sobre\\\/decisao-2026-tarcisio-promete-manter-bolsas-da-fapesp-e-haddad-diz-que-educacao-especial-esta-em-frangalhos-veja-o-dia-dos-candidatos-ao-governo-de-sp\\\/\",\"name\":\"DECIS\\u00c3O 2026: Tarc\\u00edsio promete manter bolsas da Fapesp e Haddad diz que educa\\u00e7\\u00e3o especial est\\u00e1 \\u201cem frangalhos\\u201d; veja o dia dos candidatos ao governo de SP | Encontra Amparo\",\"description\":\"DECIS\\u00c3O 2026 explora a continuidade das bolsas da Fapesp e desafios na educa\\u00e7\\u00e3o especial.\",\"inLanguage\":\"pt-BR\",\"isPartOf\":{\"@id\":\"https:\\\/\\\/www.encontraamparo.com.br\\\/sobre\\\/#website\"},\"breadcrumb\":{\"@id\":\"https:\\\/\\\/www.encontraamparo.com.br\\\/sobre\\\/decisao-2026-tarcisio-promete-manter-bolsas-da-fapesp-e-haddad-diz-que-educacao-especial-esta-em-frangalhos-veja-o-dia-dos-candidatos-ao-governo-de-sp\\\/#breadcrumblist\"},\"author\":{\"@id\":\"https:\\\/\\\/www.encontraamparo.com.br\\\/sobre\\\/author\\\/eamparo\\\/#author\"},\"creator\":{\"@id\":\"https:\\\/\\\/www.encontraamparo.com.br\\\/sobre\\\/author\\\/eamparo\\\/#author\"},\"image\":{\"@type\":\"ImageObject\",\"url\":\"https:\\\/\\\/www.encontraamparo.com.br\\\/sobre\\\/wp-content\\\/uploads\\\/2026\\\/08\\\/decisao-2026-tarcisio-promete-manter-bolsas-da-fapesp-e-haddad-diz-que-educacao-especial-esta-em-fra.webp\",\"@id\":\"https:\\\/\\\/www.encontraamparo.com.br\\\/sobre\\\/decisao-2026-tarcisio-promete-manter-bolsas-da-fapesp-e-haddad-diz-que-educacao-especial-esta-em-frangalhos-veja-o-dia-dos-candidatos-ao-governo-de-sp\\\/#mainImage\",\"width\":280,\"height\":280,\"caption\":\"decisao 2026\"},\"primaryImageOfPage\":{\"@id\":\"https:\\\/\\\/www.encontraamparo.com.br\\\/sobre\\\/decisao-2026-tarcisio-promete-manter-bolsas-da-fapesp-e-haddad-diz-que-educacao-especial-esta-em-frangalhos-veja-o-dia-dos-candidatos-ao-governo-de-sp\\\/#mainImage\"},\"datePublished\":\"2026-08-30T09:03:24-02:00\",\"dateModified\":\"2026-08-30T09:03:24-02:00\"},{\"@type\":\"WebSite\",\"@id\":\"https:\\\/\\\/www.encontraamparo.com.br\\\/sobre\\\/#website\",\"url\":\"https:\\\/\\\/www.encontraamparo.com.br\\\/sobre\\\/\",\"name\":\"Encontra Amparo\",\"description\":\"Not\\u00edcias, eventos, informa\\u00e7\\u00f5es e dicas na cidade de Amparo e regi\\u00e3o\",\"inLanguage\":\"pt-BR\",\"publisher\":{\"@id\":\"https:\\\/\\\/www.encontraamparo.com.br\\\/sobre\\\/#organization\"}}]}\n\t\t<\/script>\n\t\t<!-- All in One SEO -->\n\n","aioseo_head_json":{"title":"DECIS\u00c3O 2026: Tarc\u00edsio promete manter bolsas da Fapesp e Haddad diz que educa\u00e7\u00e3o especial est\u00e1 \u201cem frangalhos\u201d; veja o dia dos candidatos ao governo de SP | Encontra Amparo","description":"DECIS\u00c3O 2026 explora a continuidade das bolsas da Fapesp e desafios na educa\u00e7\u00e3o especial.","canonical_url":"https:\/\/www.encontraamparo.com.br\/sobre\/decisao-2026-tarcisio-promete-manter-bolsas-da-fapesp-e-haddad-diz-que-educacao-especial-esta-em-frangalhos-veja-o-dia-dos-candidatos-ao-governo-de-sp\/","robots":"max-image-preview:large","keywords":"","webmasterTools":{"miscellaneous":""},"schema":{"@context":"https:\/\/schema.org","@graph":[{"@type":"Article","@id":"https:\/\/www.encontraamparo.com.br\/sobre\/decisao-2026-tarcisio-promete-manter-bolsas-da-fapesp-e-haddad-diz-que-educacao-especial-esta-em-frangalhos-veja-o-dia-dos-candidatos-ao-governo-de-sp\/#article","name":"DECIS\u00c3O 2026: Tarc\u00edsio promete manter bolsas da Fapesp e Haddad diz que educa\u00e7\u00e3o especial est\u00e1 \u201cem frangalhos\u201d; veja o dia dos candidatos ao governo de SP | Encontra Amparo","headline":"DECIS\u00c3O 2026: Tarc\u00edsio promete manter bolsas da Fapesp e Haddad diz que educa\u00e7\u00e3o especial est\u00e1 \u201cem frangalhos\u201d; veja o dia dos candidatos ao governo de SP","author":{"@id":"https:\/\/www.encontraamparo.com.br\/sobre\/author\/eamparo\/#author"},"publisher":{"@id":"https:\/\/www.encontraamparo.com.br\/sobre\/#organization"},"image":{"@type":"ImageObject","url":"https:\/\/www.encontraamparo.com.br\/sobre\/wp-content\/uploads\/2026\/08\/decisao-2026-tarcisio-promete-manter-bolsas-da-fapesp-e-haddad-diz-que-educacao-especial-esta-em-fra.webp","width":280,"height":280,"caption":"decisao 2026"},"datePublished":"2026-08-30T09:03:24-02:00","dateModified":"2026-08-30T09:03:24-02:00","inLanguage":"pt-BR","mainEntityOfPage":{"@id":"https:\/\/www.encontraamparo.com.br\/sobre\/decisao-2026-tarcisio-promete-manter-bolsas-da-fapesp-e-haddad-diz-que-educacao-especial-esta-em-frangalhos-veja-o-dia-dos-candidatos-ao-governo-de-sp\/#webpage"},"isPartOf":{"@id":"https:\/\/www.encontraamparo.com.br\/sobre\/decisao-2026-tarcisio-promete-manter-bolsas-da-fapesp-e-haddad-diz-que-educacao-especial-esta-em-frangalhos-veja-o-dia-dos-candidatos-ao-governo-de-sp\/#webpage"},"articleSection":"Educa\u00e7\u00e3o Amparo"},{"@type":"BreadcrumbList","@id":"https:\/\/www.encontraamparo.com.br\/sobre\/decisao-2026-tarcisio-promete-manter-bolsas-da-fapesp-e-haddad-diz-que-educacao-especial-esta-em-frangalhos-veja-o-dia-dos-candidatos-ao-governo-de-sp\/#breadcrumblist","itemListElement":[{"@type":"ListItem","@id":"https:\/\/www.encontraamparo.com.br\/sobre#listItem","position":1,"name":"In\u00edcio","item":"https:\/\/www.encontraamparo.com.br\/sobre","nextItem":{"@type":"ListItem","@id":"https:\/\/www.encontraamparo.com.br\/sobre\/educacao-amparo\/#listItem","name":"Educa\u00e7\u00e3o Amparo"}},{"@type":"ListItem","@id":"https:\/\/www.encontraamparo.com.br\/sobre\/educacao-amparo\/#listItem","position":2,"name":"Educa\u00e7\u00e3o Amparo","item":"https:\/\/www.encontraamparo.com.br\/sobre\/educacao-amparo\/","nextItem":{"@type":"ListItem","@id":"https:\/\/www.encontraamparo.com.br\/sobre\/decisao-2026-tarcisio-promete-manter-bolsas-da-fapesp-e-haddad-diz-que-educacao-especial-esta-em-frangalhos-veja-o-dia-dos-candidatos-ao-governo-de-sp\/#listItem","name":"DECIS\u00c3O 2026: Tarc\u00edsio promete manter bolsas da Fapesp e Haddad diz que educa\u00e7\u00e3o especial est\u00e1 \u201cem frangalhos\u201d; veja o dia dos candidatos ao governo de SP"},"previousItem":{"@type":"ListItem","@id":"https:\/\/www.encontraamparo.com.br\/sobre#listItem","name":"In\u00edcio"}},{"@type":"ListItem","@id":"https:\/\/www.encontraamparo.com.br\/sobre\/decisao-2026-tarcisio-promete-manter-bolsas-da-fapesp-e-haddad-diz-que-educacao-especial-esta-em-frangalhos-veja-o-dia-dos-candidatos-ao-governo-de-sp\/#listItem","position":3,"name":"DECIS\u00c3O 2026: Tarc\u00edsio promete manter bolsas da Fapesp e Haddad diz que educa\u00e7\u00e3o especial est\u00e1 \u201cem frangalhos\u201d; veja o dia dos candidatos ao governo de SP","previousItem":{"@type":"ListItem","@id":"https:\/\/www.encontraamparo.com.br\/sobre\/educacao-amparo\/#listItem","name":"Educa\u00e7\u00e3o Amparo"}}]},{"@type":"Organization","@id":"https:\/\/www.encontraamparo.com.br\/sobre\/#organization","name":"Encontra Amparo","description":"Not\u00edcias, eventos, informa\u00e7\u00f5es e dicas na cidade de Amparo e regi\u00e3o","url":"https:\/\/www.encontraamparo.com.br\/sobre\/"},{"@type":"Person","@id":"https:\/\/www.encontraamparo.com.br\/sobre\/author\/eamparo\/#author","url":"https:\/\/www.encontraamparo.com.br\/sobre\/author\/eamparo\/","name":"Encontra Amparo","image":{"@type":"ImageObject","@id":"https:\/\/www.encontraamparo.com.br\/sobre\/decisao-2026-tarcisio-promete-manter-bolsas-da-fapesp-e-haddad-diz-que-educacao-especial-esta-em-frangalhos-veja-o-dia-dos-candidatos-ao-governo-de-sp\/#authorImage","url":"https:\/\/secure.gravatar.com\/avatar\/507340682b8270222e1f208e23198b6ae7e2c6a1033ae84e99bc6bce4f82a387?s=96&d=mm&r=g","width":96,"height":96,"caption":"Encontra Amparo"}},{"@type":"WebPage","@id":"https:\/\/www.encontraamparo.com.br\/sobre\/decisao-2026-tarcisio-promete-manter-bolsas-da-fapesp-e-haddad-diz-que-educacao-especial-esta-em-frangalhos-veja-o-dia-dos-candidatos-ao-governo-de-sp\/#webpage","url":"https:\/\/www.encontraamparo.com.br\/sobre\/decisao-2026-tarcisio-promete-manter-bolsas-da-fapesp-e-haddad-diz-que-educacao-especial-esta-em-frangalhos-veja-o-dia-dos-candidatos-ao-governo-de-sp\/","name":"DECIS\u00c3O 2026: Tarc\u00edsio promete manter bolsas da Fapesp e Haddad diz que educa\u00e7\u00e3o especial est\u00e1 \u201cem frangalhos\u201d; veja o dia dos candidatos ao governo de SP | Encontra Amparo","description":"DECIS\u00c3O 2026 explora a continuidade das bolsas da Fapesp e desafios na educa\u00e7\u00e3o especial.","inLanguage":"pt-BR","isPartOf":{"@id":"https:\/\/www.encontraamparo.com.br\/sobre\/#website"},"breadcrumb":{"@id":"https:\/\/www.encontraamparo.com.br\/sobre\/decisao-2026-tarcisio-promete-manter-bolsas-da-fapesp-e-haddad-diz-que-educacao-especial-esta-em-frangalhos-veja-o-dia-dos-candidatos-ao-governo-de-sp\/#breadcrumblist"},"author":{"@id":"https:\/\/www.encontraamparo.com.br\/sobre\/author\/eamparo\/#author"},"creator":{"@id":"https:\/\/www.encontraamparo.com.br\/sobre\/author\/eamparo\/#author"},"image":{"@type":"ImageObject","url":"https:\/\/www.encontraamparo.com.br\/sobre\/wp-content\/uploads\/2026\/08\/decisao-2026-tarcisio-promete-manter-bolsas-da-fapesp-e-haddad-diz-que-educacao-especial-esta-em-fra.webp","@id":"https:\/\/www.encontraamparo.com.br\/sobre\/decisao-2026-tarcisio-promete-manter-bolsas-da-fapesp-e-haddad-diz-que-educacao-especial-esta-em-frangalhos-veja-o-dia-dos-candidatos-ao-governo-de-sp\/#mainImage","width":280,"height":280,"caption":"decisao 2026"},"primaryImageOfPage":{"@id":"https:\/\/www.encontraamparo.com.br\/sobre\/decisao-2026-tarcisio-promete-manter-bolsas-da-fapesp-e-haddad-diz-que-educacao-especial-esta-em-frangalhos-veja-o-dia-dos-candidatos-ao-governo-de-sp\/#mainImage"},"datePublished":"2026-08-30T09:03:24-02:00","dateModified":"2026-08-30T09:03:24-02:00"},{"@type":"WebSite","@id":"https:\/\/www.encontraamparo.com.br\/sobre\/#website","url":"https:\/\/www.encontraamparo.com.br\/sobre\/","name":"Encontra Amparo","description":"Not\u00edcias, eventos, informa\u00e7\u00f5es e dicas na cidade de Amparo e regi\u00e3o","inLanguage":"pt-BR","publisher":{"@id":"https:\/\/www.encontraamparo.com.br\/sobre\/#organization"}}]},"og:locale":"pt_BR","og:site_name":"Encontra Amparo | Not\u00edcias, eventos, informa\u00e7\u00f5es e dicas na cidade de Amparo e regi\u00e3o","og:type":"article","og:title":"DECIS\u00c3O 2026: Tarc\u00edsio promete manter bolsas da Fapesp e Haddad diz que educa\u00e7\u00e3o especial est\u00e1 \u201cem frangalhos\u201d; veja o dia dos candidatos ao governo de SP | Encontra Amparo","og:description":"DECIS\u00c3O 2026 explora a continuidade das bolsas da Fapesp e desafios na educa\u00e7\u00e3o especial.","og:url":"https:\/\/www.encontraamparo.com.br\/sobre\/decisao-2026-tarcisio-promete-manter-bolsas-da-fapesp-e-haddad-diz-que-educacao-especial-esta-em-frangalhos-veja-o-dia-dos-candidatos-ao-governo-de-sp\/","article:published_time":"2026-08-30T11:03:24+00:00","article:modified_time":"2026-08-30T11:03:24+00:00","twitter:card":"summary","twitter:title":"DECIS\u00c3O 2026: Tarc\u00edsio promete manter bolsas da Fapesp e Haddad diz que educa\u00e7\u00e3o especial est\u00e1 \u201cem frangalhos\u201d; veja o dia dos candidatos ao governo de SP | Encontra Amparo","twitter:description":"DECIS\u00c3O 2026 explora a continuidade das bolsas da Fapesp e desafios na educa\u00e7\u00e3o especial."},"aioseo_meta_data":{"post_id":"2026","title":null,"description":null,"keywords":null,"keyphrases":null,"primary_term":null,"canonical_url":null,"og_title":null,"og_description":null,"og_object_type":"default","og_image_type":"default","og_image_url":null,"og_image_width":null,"og_image_height":null,"og_image_custom_url":null,"og_image_custom_fields":null,"og_video":null,"og_custom_url":null,"og_article_section":null,"og_article_tags":null,"twitter_use_og":false,"twitter_card":"default","twitter_image_type":"default","twitter_image_url":null,"twitter_image_custom_url":null,"twitter_image_custom_fields":null,"twitter_title":null,"twitter_description":null,"schema":{"blockGraphs":[],"customGraphs":[],"default":{"data":{"Article":[],"Course":[],"Dataset":[],"FAQPage":[],"Movie":[],"Person":[],"Product":[],"ProductReview":[],"Car":[],"Recipe":[],"Service":[],"SoftwareApplication":[],"WebPage":[]},"graphName":"Article","isEnabled":true},"graphs":[]},"schema_type":"default","schema_type_options":null,"pillar_content":false,"robots_default":true,"robots_noindex":false,"robots_noarchive":false,"robots_nosnippet":false,"robots_nofollow":false,"robots_noimageindex":false,"robots_noodp":false,"robots_notranslate":false,"robots_max_snippet":null,"robots_max_videopreview":null,"robots_max_imagepreview":"large","priority":null,"frequency":null,"local_seo":null,"breadcrumb_settings":null,"limit_modified_date":false,"ai":null,"created":"2026-08-30 11:03:24","updated":"2026-08-30 11:12:05","focus_keyword":null,"additional_keywords":null,"truseo_locale":null,"seo_analyzer_scan_date":null},"aioseo_breadcrumb":"<div class=\"aioseo-breadcrumbs\"><span class=\"aioseo-breadcrumb\">\n\t\t\t<a href=\"https:\/\/www.encontraamparo.com.br\/sobre\" title=\"In\u00edcio\">In\u00edcio<\/a>\n\t\t<\/span><span class=\"aioseo-breadcrumb-separator\">&raquo;<\/span><span class=\"aioseo-breadcrumb\">\n\t\t\t<a href=\"https:\/\/www.encontraamparo.com.br\/sobre\/educacao-amparo\/\" title=\"Educa\u00e7\u00e3o Amparo\">Educa\u00e7\u00e3o Amparo<\/a>\n\t\t<\/span><span class=\"aioseo-breadcrumb-separator\">&raquo;<\/span><span class=\"aioseo-breadcrumb\">\n\t\t\tDECIS\u00c3O 2026: Tarc\u00edsio promete manter bolsas da Fapesp e Haddad diz que educa\u00e7\u00e3o especial est\u00e1 \u201cem frangalhos\u201d; veja o dia dos candidatos ao governo de SP\n\t\t<\/span><\/div>","aioseo_breadcrumb_json":[{"label":"In\u00edcio","link":"https:\/\/www.encontraamparo.com.br\/sobre"},{"label":"Educa\u00e7\u00e3o Amparo","link":"https:\/\/www.encontraamparo.com.br\/sobre\/educacao-amparo\/"},{"label":"DECIS\u00c3O 2026: Tarc\u00edsio promete manter bolsas da Fapesp e Haddad diz que educa\u00e7\u00e3o especial est\u00e1 \u201cem frangalhos\u201d; veja o dia dos candidatos ao governo de SP","link":"https:\/\/www.encontraamparo.com.br\/sobre\/decisao-2026-tarcisio-promete-manter-bolsas-da-fapesp-e-haddad-diz-que-educacao-especial-esta-em-frangalhos-veja-o-dia-dos-candidatos-ao-governo-de-sp\/"}],"_links":{"self":[{"href":"https:\/\/www.encontraamparo.com.br\/sobre\/wp-json\/wp\/v2\/posts\/2026","targetHints":{"allow":["GET"]}}],"collection":[{"href":"https:\/\/www.encontraamparo.com.br\/sobre\/wp-json\/wp\/v2\/posts"}],"about":[{"href":"https:\/\/www.encontraamparo.com.br\/sobre\/wp-json\/wp\/v2\/types\/post"}],"author":[{"embeddable":true,"href":"https:\/\/www.encontraamparo.com.br\/sobre\/wp-json\/wp\/v2\/users\/1"}],"replies":[{"embeddable":true,"href":"https:\/\/www.encontraamparo.com.br\/sobre\/wp-json\/wp\/v2\/comments?post=2026"}],"version-history":[{"count":0,"href":"https:\/\/www.encontraamparo.com.br\/sobre\/wp-json\/wp\/v2\/posts\/2026\/revisions"}],"wp:featuredmedia":[{"embeddable":true,"href":"https:\/\/www.encontraamparo.com.br\/sobre\/wp-json\/wp\/v2\/media\/2025"}],"wp:attachment":[{"href":"https:\/\/www.encontraamparo.com.br\/sobre\/wp-json\/wp\/v2\/media?parent=2026"}],"wp:term":[{"taxonomy":"category","embeddable":true,"href":"https:\/\/www.encontraamparo.com.br\/sobre\/wp-json\/wp\/v2\/categories?post=2026"},{"taxonomy":"post_tag","embeddable":true,"href":"https:\/\/www.encontraamparo.com.br\/sobre\/wp-json\/wp\/v2\/tags?post=2026"}],"curies":[{"name":"wp","href":"https:\/\/api.w.org\/{rel}","templated":true}]}}