{"id":1272,"date":"2026-04-30T08:44:18","date_gmt":"2026-04-30T10:44:18","guid":{"rendered":"https:\/\/www.encontraamparo.com.br\/sobre\/podera-o-stf-ter-um-ministro-ateu\/"},"modified":"2026-04-30T08:44:18","modified_gmt":"2026-04-30T10:44:18","slug":"podera-o-stf-ter-um-ministro-ateu","status":"publish","type":"post","link":"https:\/\/www.encontraamparo.com.br\/sobre\/podera-o-stf-ter-um-ministro-ateu\/","title":{"rendered":"Poder\u00e1 o STF ter um ministro ateu?"},"content":{"rendered":"<div class=\"005b81288333650253a1d8c68cb614d0\" data-index=\"1\" style=\"float: none; margin:0px;\">\n<!-- Anuncio display - global -->\r\n<ins class=\"adsbygoogle\"\r\n     style=\"display:block\"\r\n     data-ad-client=\"ca-pub-8585364105181520\"\r\n     data-ad-slot=\"8789329856\"\r\n     data-ad-format=\"auto\"\r\n     data-full-width-responsive=\"true\"><\/ins>\r\n<script>\r\n     (adsbygoogle = window.adsbygoogle || []).push({});\r\n<\/script>\n<\/div>\n<h2>O Que Significa a Laicidade do STF?<\/h2>\n<p>A laicidade do Supremo Tribunal Federal (STF) se refere \u00e0 separa\u00e7\u00e3o entre a religi\u00e3o e o Estado, um princ\u00edpio fundamental que deve ser respeitado para que as decis\u00f5es judiciais sejam imparciais e neutras em rela\u00e7\u00e3o a cren\u00e7as religiosas. Isso implica que os ministros do STF devem interpretar a Constitui\u00e7\u00e3o e as leis de forma livre de influ\u00eancias religiosas, assegurando que os valores e direitos de todas as pessoas sejam considerados igualmente, independentemente de suas convic\u00e7\u00f5es religiosas.<\/p>\n<h2>A Rejei\u00e7\u00e3o de Jorge Messias e Seus Efeitos<\/h2>\n<p>A recente rejei\u00e7\u00e3o de Jorge Messias pelo Senado levantou muitos questionamentos sobre o perfil desejado para os ministros da Suprema Corte. Messias, que se apresentava como um candidato evang\u00e9lico, viu sua nomea\u00e7\u00e3o barrada em um cen\u00e1rio repleto de disputas pol\u00edticas. O insucesso em sua indica\u00e7\u00e3o pode ser interpretado como um reflexo da complexa rela\u00e7\u00e3o entre pol\u00edtica e religi\u00e3o no Brasil, onde quest\u00f5es de f\u00e9 podem influenciar decis\u00f5es no \u00e2mbito do poder legislativo, ao mesmo tempo em que se debate a necessidade de um Judici\u00e1rio verdadeiramente laico.<\/p>\n<h2>A Rela\u00e7\u00e3o entre Religi\u00e3o e Pol\u00edtica no Brasil<\/h2>\n<p>No Brasil, a intersec\u00e7\u00e3o entre religi\u00e3o e pol\u00edtica \u00e9 uma quest\u00e3o sens\u00edvel e muitas vezes controversa. As religi\u00f5es, em especial o evangelicalismo, v\u00eam ganhando for\u00e7a pol\u00edtica nos \u00faltimos anos, fazendo com que postulantes a cargos p\u00fablicos frequentemente fa\u00e7am uso de sua f\u00e9 como parte de suas identidades. Esse fen\u00f4meno pode afetar a laicidade do Estado e gera um distanciamento entre as decis\u00f5es pol\u00edticas e as expectativas de cidad\u00e3os que n\u00e3o compartilham das mesmas cren\u00e7as. Portanto, \u00e9 crucial discutir como essa rela\u00e7\u00e3o influencia diretamente a composi\u00e7\u00e3o do STF e a condu\u00e7\u00e3o das suas decis\u00f5es.<\/p>\n<p><img decoding=\"async\" src=\"https:\/\/www.encontraamparo.com.br\/sobre\/wp-content\/uploads\/2026\/04\/podera-o-stf-ter-um-ministro-ateu.webp\" alt=\"STF ministro ateu\" loading=\"lazy\" \/><\/p>\n<h2>A Import\u00e2ncia da Diversidade no STF<\/h2>\n<p>A diversidade no STF \u00e9 fundamental para garantir que diferentes perspectivas e experi\u00eancias da sociedade sejam consideradas em suas decis\u00f5es. Uma composi\u00e7\u00e3o plural, que inclua ministros de v\u00e1rias origens e cren\u00e7as, pode enriquecer o debate judicial e contribuir para uma vis\u00e3o mais abrangente das demandas sociais. A inclus\u00e3o de vozes diversas, incluindo a possibilidade de um ministro ateu, poderia promover um ambiente onde a laicidade \u00e9 respeitada e onde os direitos de todas as cidadanias s\u00e3o defendidos de maneira equitativa.<\/p>\n<h2>Como o Ate\u00edsmo Pode Influenciar Decis\u00f5es Judiciais?<\/h2>\n<p>Um ministro ateu no STF poderia trazer uma nova abordagem \u00e0 interpreta\u00e7\u00e3o das leis, fundamentando suas decis\u00f5es em preceitos racionais e laicos, sem a influ\u00eancia de dogmas religiosos. Essa perspectiva poderia se traduzir em decis\u00f5es mais inclusivas, respeitando a diversidade de cren\u00e7as e a laicidade do Estado. Em um cen\u00e1rio onde a religi\u00e3o pode levar a decis\u00f5es polarizadoras, a presen\u00e7a de um pensador que n\u00e3o se pauta por valores religiosos pode oferecer uma perspectiva mais equitativa e focada em direitos humanos.<\/p>\n<h2>Debates sobre Representatividade Religiosa<\/h2>\n<p>A discuss\u00e3o sobre a representatividade religiosa dentro do STF \u00e9 complexa e multifacetada. Por um lado, \u00e9 importante que as diferentes correntes de pensamento estejam representadas. Por outro lado, \u00e9 essencial que os valores pessoais de cada ministro n\u00e3o sejam impostos nas decis\u00f5es judiciais. Ventilar o argumento de que um STF deve ter um ministro ateu pode servir como um contrapeso aos ministros que professam f\u00e9, equilibrando a balan\u00e7a em um tribunal que precisa ser imparcial.<\/p>\n<h2>An\u00e1lise da Opini\u00e3o P\u00fablica sobre o Tema<\/h2>\n<p>A opini\u00e3o p\u00fablica em rela\u00e7\u00e3o \u00e0 poss\u00edvel nomea\u00e7\u00e3o de um ministro ateu \u00e9 variada, refletindo a diversidade de cren\u00e7as e valores que permeiam a sociedade brasileira. H\u00e1 um movimento crescente que defende a laicidade e a necessidade de uma separa\u00e7\u00e3o clara entre cren\u00e7a religiosa e tomada de decis\u00f5es p\u00fablicas. No entanto, uma parcela significativa da popula\u00e7\u00e3o ainda acredita que a religi\u00e3o desempenha um papel importante na esfera p\u00fablica. Essa divis\u00e3o revela o desafio que futuros ministros e legisladores enfrentar\u00e3o ao discutir quest\u00f5es de laicidade e religi\u00e3o em um ambiente t\u00e3o polarizado.<\/p>\n<h2>Expectativas para o Futuro do STF<\/h2>\n<p>O futuro do STF pode estar alinhado com uma maior diversidade religiosa e filos\u00f3fica, incluindo a potencial aceita\u00e7\u00e3o de ministros que se identificam como ateus. Este fen\u00f4meno n\u00e3o apenas enriqueceria as discuss\u00f5es no tribunal, mas tamb\u00e9m poderia promover uma interpreta\u00e7\u00e3o mais ampla da Constitui\u00e7\u00e3o, garantindo que os direitos de todos os cidad\u00e3os sejam respeitados. \u00c0 medida que os debates a respeito de f\u00e9 e pol\u00edtica evoluem, a composi\u00e7\u00e3o do STF precisar\u00e1 se adaptar para refletir essa realidade.<\/p>\n<h2>O Papel dos Valores Pessoais dos Ministros<\/h2>\n<p>Os valores pessoais dos ministros influenciam, inevitavelmente, suas interpreta\u00e7\u00f5es e decis\u00f5es. Enquanto alguns defensores da f\u00e9 podem se ver moralmente inclinados a decidir com base em preceitos religiosos, ministros que v\u00eam de um horizonte ateu podem abordar as situa\u00e7\u00f5es jur\u00eddicas com um foco no humanismo e na raz\u00e3o. \u00c9 crucial que o STF mantenha um espa\u00e7o onde as convic\u00e7\u00f5es pessoais possam coexistir, mas sem que uma cren\u00e7a domine a outra.<\/p>\n<h2>Poss\u00edveis Consequ\u00eancias de um STF Com um Ministro Ateu<\/h2>\n<p>A inclus\u00e3o de um ministro ateu no STF poderia sinalizar uma nova era para a justi\u00e7a brasileira, promovendo decis\u00f5es mais alinhadas com a raz\u00e3o e menos influenciadas pela f\u00e9. Isso poderia afastar cr\u00edticas de que quest\u00f5es religiosas t\u00eam um papel sobre os direitos civis e, em vez disso, estabelecer um precedente que assegurasse que todas as escolhas judiciais s\u00e3o feitas com base em princ\u00edpios laicos. Com um STF mais plural e representativo, os desafios contempor\u00e2neos poderiam ser tratados de maneira mais justa e equilibrada, contribuindo para um futuro mais inclusivo.<\/p>\n\n<div style=\"font-size: 0px; height: 0px; line-height: 0px; margin: 0; padding: 0; clear: both;\"><\/div>","protected":false},"excerpt":{"rendered":"<p>STF pode ter um ministro ateu? Descubra as implica\u00e7\u00f5es dessa quest\u00e3o.<\/p>\n","protected":false},"author":1,"featured_media":1271,"comment_status":"open","ping_status":"closed","sticky":false,"template":"","format":"standard","meta":{"footnotes":""},"categories":[6],"tags":[],"class_list":["post-1272","post","type-post","status-publish","format-standard","has-post-thumbnail","hentry","category-noticias-amparo","has_thumb"],"aioseo_notices":[],"_links":{"self":[{"href":"https:\/\/www.encontraamparo.com.br\/sobre\/wp-json\/wp\/v2\/posts\/1272","targetHints":{"allow":["GET"]}}],"collection":[{"href":"https:\/\/www.encontraamparo.com.br\/sobre\/wp-json\/wp\/v2\/posts"}],"about":[{"href":"https:\/\/www.encontraamparo.com.br\/sobre\/wp-json\/wp\/v2\/types\/post"}],"author":[{"embeddable":true,"href":"https:\/\/www.encontraamparo.com.br\/sobre\/wp-json\/wp\/v2\/users\/1"}],"replies":[{"embeddable":true,"href":"https:\/\/www.encontraamparo.com.br\/sobre\/wp-json\/wp\/v2\/comments?post=1272"}],"version-history":[{"count":0,"href":"https:\/\/www.encontraamparo.com.br\/sobre\/wp-json\/wp\/v2\/posts\/1272\/revisions"}],"wp:featuredmedia":[{"embeddable":true,"href":"https:\/\/www.encontraamparo.com.br\/sobre\/wp-json\/wp\/v2\/media\/1271"}],"wp:attachment":[{"href":"https:\/\/www.encontraamparo.com.br\/sobre\/wp-json\/wp\/v2\/media?parent=1272"}],"wp:term":[{"taxonomy":"category","embeddable":true,"href":"https:\/\/www.encontraamparo.com.br\/sobre\/wp-json\/wp\/v2\/categories?post=1272"},{"taxonomy":"post_tag","embeddable":true,"href":"https:\/\/www.encontraamparo.com.br\/sobre\/wp-json\/wp\/v2\/tags?post=1272"}],"curies":[{"name":"wp","href":"https:\/\/api.w.org\/{rel}","templated":true}]}}