{"id":1258,"date":"2026-04-27T08:28:08","date_gmt":"2026-04-27T10:28:08","guid":{"rendered":"https:\/\/www.encontraamparo.com.br\/sobre\/vamos-falar-de-apartheid-em-israel\/"},"modified":"2026-04-27T08:28:08","modified_gmt":"2026-04-27T10:28:08","slug":"vamos-falar-de-apartheid-em-israel","status":"publish","type":"post","link":"https:\/\/www.encontraamparo.com.br\/sobre\/vamos-falar-de-apartheid-em-israel\/","title":{"rendered":"Vamos falar de apartheid em Israel?"},"content":{"rendered":"<div class=\"005b81288333650253a1d8c68cb614d0\" data-index=\"1\" style=\"float: none; margin:0px;\">\n<!-- Anuncio display - global -->\r\n<ins class=\"adsbygoogle\"\r\n     style=\"display:block\"\r\n     data-ad-client=\"ca-pub-8585364105181520\"\r\n     data-ad-slot=\"8789329856\"\r\n     data-ad-format=\"auto\"\r\n     data-full-width-responsive=\"true\"><\/ins>\r\n<script>\r\n     (adsbygoogle = window.adsbygoogle || []).push({});\r\n<\/script>\n<\/div>\n<h2>O que \u00e9 apartheid?<\/h2>\n<p>A palavra apartheid \u00e9 origin\u00e1ria do afric\u00e2ner e significa &#8220;separa\u00e7\u00e3o&#8221;. Esse termo foi utilizado para descrever o sistema de segrega\u00e7\u00e3o racial implementado na \u00c1frica do Sul, onde popula\u00e7\u00f5es brancas tinham direitos e privil\u00e9gios em detrimento de popula\u00e7\u00f5es negras e de outras etnias. Este conceito se refere a um regime de discrimina\u00e7\u00e3o sistem\u00e1tica e institucionalizada, onde as leis s\u00e3o formuladas para favorecer um grupo racial em detrimento de outro.<\/p>\n<h2>A situa\u00e7\u00e3o atual em Israel e Gaza<\/h2>\n<p>A situa\u00e7\u00e3o em Israel e Gaza \u00e9 marcada por um complexo hist\u00f3rico de conflitos e tens\u00f5es que se acirram a cada dia. Desde a funda\u00e7\u00e3o de Israel em 1948, ocorrendo o deslocamento de muitos palestinos, o cen\u00e1rio se tornou um terreno f\u00e9rtil para a disc\u00f3rdia. Desde ent\u00e3o, diversas guerras e confrontos t\u00eam resultado em in\u00fameros mortos e feridos, enquanto quest\u00f5es de direitos humanos e leis internacionais se encontram em um emaranhado de interpreta\u00e7\u00f5es e debates.<\/p>\n<h2>Como o apartheid \u00e9 definido internacionalmente<\/h2>\n<p>De acordo com a legisla\u00e7\u00e3o internacional, o apartheid \u00e9 reconhecido como um crime contra a humanidade sob o direito penal internacional, especialmente no Estatuto de Roma do Tribunal Penal Internacional, de 1998. Essa defini\u00e7\u00e3o destoa em rela\u00e7\u00e3o a realidades em v\u00e1rias partes do mundo, pois muitos governos, como o de Israel, defendem que as pol\u00edticas implantadas visam a seguran\u00e7a nacional e a defesa do estado israelense.<\/p>\n<p><img decoding=\"async\" src=\"https:\/\/www.encontraamparo.com.br\/sobre\/wp-content\/uploads\/2026\/04\/vamos-falar-de-apartheid-em-israel.webp\" alt=\"apartheid em israel\" loading=\"lazy\" \/><\/p>\n<h2>Os impactos da nova proposta de lei<\/h2>\n<p>A proposta de lei 1424 de 2026, que visa estabelecer uma defini\u00e7\u00e3o legal de antissemitismo no Brasil, tem gerado pol\u00eamica por sua abrang\u00eancia. Defensores da proposta alegam que ela n\u00e3o busca criminalizar cr\u00edticas ao Estado de Israel, mas a ambiguidade da linguagem pode levar \u00e0 limita\u00e7\u00e3o da liberdade de express\u00e3o. A quest\u00e3o central \u00e9 o potencial uso do termo &#8220;antissemitismo&#8221; para silenciar cr\u00edticas leg\u00edtimas \u00e0 forma como Israel lida com a quest\u00e3o palestina.<\/p>\n<h2>Cr\u00edticas de organiza\u00e7\u00f5es de direitos humanos<\/h2>\n<p>Organiza\u00e7\u00f5es de direitos humanos como Human Rights Watch e Anistia Internacional t\u00eam criticado duramente as pol\u00edticas de Israel, argumentando que caracterizam-se como apartheid. Em relat\u00f3rios, essas organiza\u00e7\u00f5es afirmam que as autoridades israelenses imp\u00f5em normas legais e pr\u00e1ticas discriminat\u00f3rias contra palestinos, os quais est\u00e3o sujeitos a condi\u00e7\u00f5es muito diferentes das que s\u00e3o aplicadas aos cidad\u00e3os israelenses. Tal teoria se refere n\u00e3o apenas a quest\u00f5es territoriais, mas tamb\u00e9m ao acesso a recursos como \u00e1gua e servi\u00e7os b\u00e1sicos.<\/p>\n<h2>Liberdade de express\u00e3o e cr\u00edticas a Israel<\/h2>\n<p>A liberdade de express\u00e3o \u00e9 um pilar fundamental das sociedades democr\u00e1ticas. No entanto, com o advento de propostas de lei que buscam definir limites ao que \u00e9 considerado cr\u00edtica leg\u00edtima, surge o temor de que vozes cr\u00edticas ao governo israelense sejam silenciadas sob a acusa\u00e7\u00e3o de antissemitismo. Isto nos leva a refletir sobre o equil\u00edbrio entre a luta contra a discrimina\u00e7\u00e3o e a prote\u00e7\u00e3o de direitos fundamentais como a liberdade de express\u00e3o.<\/p>\n<h2>Hist\u00f3rico de discrimina\u00e7\u00e3o em conflitos<\/h2>\n<p>O contexto dos conflitos em Israel e Palestina \u00e9 repleto de casos de discrimina\u00e7\u00e3o e viola\u00e7\u00e3o de direitos humanos. Desde a Nakba em 1948, onde centenas de milhares de palestinos foram deslocados, at\u00e9 a cont\u00ednua ocupa\u00e7\u00e3o da Cisjord\u00e2nia e os bloqueios em Gaza, a luta pela autodetermina\u00e7\u00e3o palestina tem sido marcada por esfor\u00e7os para expor as injusti\u00e7as vivenciadas. O debate sobre o apartheid se insere nesse cen\u00e1rio, sendo um dos elementos que podem apontar para a urg\u00eancia de uma solu\u00e7\u00e3o pac\u00edfica e justa.<\/p>\n<h2>Perspectivas para os direitos dos palestinos<\/h2>\n<p>As perspectivas para os direitos dos palestinos dependem n\u00e3o apenas da resolu\u00e7\u00e3o do conflito, mas tamb\u00e9m de um reconhecimento amplo do tratamento desigual que sofreram ao longo dos anos. Di\u00e1logos sobre os direitos humanos em contextos de ocupa\u00e7\u00e3o e segrega\u00e7\u00e3o s\u00e3o essenciais para qualquer avan\u00e7o em dire\u00e7\u00e3o a uma paz duradoura. O respeito \u00e0s disposi\u00e7\u00f5es da lei internacional e os primeiros passos para medidas de justi\u00e7a e repara\u00e7\u00e3o s\u00e3o necess\u00e1rios para os direitos dos palestinos serem respeitados.<\/p>\n<h2>Como o debate sobre apartheid influencia rela\u00e7\u00f5es internacionais<\/h2>\n<p>O debate sobre se a\u00e7\u00f5es de Israel podem ser descritas como apartheid tem repercuss\u00e3o nas rela\u00e7\u00f5es internacionais, impactando tanto a pol\u00edtica externa de pa\u00edses que ap\u00f3iam Israel como aqueles que demonstram solidariedade ao povo palestino. \u00c0 medida que mais na\u00e7\u00f5es e organiza\u00e7\u00f5es come\u00e7am a reconhecer as pr\u00e1ticas de apartheid, h\u00e1 um crescente movimento global pedindo que direitos humanos sejam respeitados e que se busque uma solu\u00e7\u00e3o justa e dur\u00e1vel.<\/p>\n<h2>A import\u00e2ncia da conscientiza\u00e7\u00e3o e ativismo<\/h2>\n<p>A conscientiza\u00e7\u00e3o sobre as realidades do conflito e a situa\u00e7\u00e3o de apartheid \u00e9 crucial. Ativistas e organiza\u00e7\u00f5es ao redor do mundo t\u00eam trabalhado incansavelmente para promover a educa\u00e7\u00e3o e aumentar a visibilidade do sofrimento dos palestinos. Por meio de campanhas, manifestos e lutas por direitos, eles buscam pressionar governos e institui\u00e7\u00f5es para que tomem a\u00e7\u00f5es concretas em rela\u00e7\u00e3o ao tratamento dos palestinos e \u00e0 situa\u00e7\u00e3o em Gaza.<\/p>\n\n<div style=\"font-size: 0px; height: 0px; line-height: 0px; margin: 0; padding: 0; clear: both;\"><\/div>","protected":false},"excerpt":{"rendered":"<p>Apartheid em Israel \u00e9 um tema crucial que merece aten\u00e7\u00e3o e debate s\u00e9rio.<\/p>\n","protected":false},"author":1,"featured_media":1257,"comment_status":"open","ping_status":"closed","sticky":false,"template":"","format":"standard","meta":{"footnotes":""},"categories":[6],"tags":[],"class_list":["post-1258","post","type-post","status-publish","format-standard","has-post-thumbnail","hentry","category-noticias-amparo","has_thumb"],"aioseo_notices":[],"_links":{"self":[{"href":"https:\/\/www.encontraamparo.com.br\/sobre\/wp-json\/wp\/v2\/posts\/1258","targetHints":{"allow":["GET"]}}],"collection":[{"href":"https:\/\/www.encontraamparo.com.br\/sobre\/wp-json\/wp\/v2\/posts"}],"about":[{"href":"https:\/\/www.encontraamparo.com.br\/sobre\/wp-json\/wp\/v2\/types\/post"}],"author":[{"embeddable":true,"href":"https:\/\/www.encontraamparo.com.br\/sobre\/wp-json\/wp\/v2\/users\/1"}],"replies":[{"embeddable":true,"href":"https:\/\/www.encontraamparo.com.br\/sobre\/wp-json\/wp\/v2\/comments?post=1258"}],"version-history":[{"count":0,"href":"https:\/\/www.encontraamparo.com.br\/sobre\/wp-json\/wp\/v2\/posts\/1258\/revisions"}],"wp:featuredmedia":[{"embeddable":true,"href":"https:\/\/www.encontraamparo.com.br\/sobre\/wp-json\/wp\/v2\/media\/1257"}],"wp:attachment":[{"href":"https:\/\/www.encontraamparo.com.br\/sobre\/wp-json\/wp\/v2\/media?parent=1258"}],"wp:term":[{"taxonomy":"category","embeddable":true,"href":"https:\/\/www.encontraamparo.com.br\/sobre\/wp-json\/wp\/v2\/categories?post=1258"},{"taxonomy":"post_tag","embeddable":true,"href":"https:\/\/www.encontraamparo.com.br\/sobre\/wp-json\/wp\/v2\/tags?post=1258"}],"curies":[{"name":"wp","href":"https:\/\/api.w.org\/{rel}","templated":true}]}}