{"id":1152,"date":"2026-04-02T08:32:03","date_gmt":"2026-04-02T10:32:03","guid":{"rendered":"https:\/\/www.encontraamparo.com.br\/sobre\/semana-santa-igrejas-abrem-celebracoes-do-triduo-pascal-nesta-quinta\/"},"modified":"2026-04-02T08:32:03","modified_gmt":"2026-04-02T10:32:03","slug":"semana-santa-igrejas-abrem-celebracoes-do-triduo-pascal-nesta-quinta","status":"publish","type":"post","link":"https:\/\/www.encontraamparo.com.br\/sobre\/semana-santa-igrejas-abrem-celebracoes-do-triduo-pascal-nesta-quinta\/","title":{"rendered":"Semana Santa: igrejas abrem celebra\u00e7\u00f5es do Tr\u00edduo Pascal nesta quinta"},"content":{"rendered":"<div class=\"005b81288333650253a1d8c68cb614d0\" data-index=\"1\" style=\"float: none; margin:0px;\">\n<!-- Anuncio display - global -->\r\n<ins class=\"adsbygoogle\"\r\n     style=\"display:block\"\r\n     data-ad-client=\"ca-pub-8585364105181520\"\r\n     data-ad-slot=\"8789329856\"\r\n     data-ad-format=\"auto\"\r\n     data-full-width-responsive=\"true\"><\/ins>\r\n<script>\r\n     (adsbygoogle = window.adsbygoogle || []).push({});\r\n<\/script>\n<\/div>\n<h2>O que \u00e9 o Tr\u00edduo Pascal?<\/h2>\n<p>O Tr\u00edduo Pascal \u00e9 uma celebra\u00e7\u00e3o que abrange os tr\u00eas \u00faltimos dias da Semana Santa, iniciando na Quinta-feira Santa e culminando no Domingo de P\u00e1scoa. Este per\u00edodo \u00e9 de grande significado para a f\u00e9 crist\u00e3, pois aprofunda os eventos centrais da Paix\u00e3o, Morte e Ressurrei\u00e7\u00e3o de Jesus Cristo. Os fi\u00e9is s\u00e3o convidados a refletir e a participar intensamente das liturgias que marcam esses momentos essenciais da hist\u00f3ria crist\u00e3.<\/p>\n<h2>Celebra\u00e7\u00f5es da Quinta-feira Santa<\/h2>\n<p>A Quinta-feira Santa \u00e9 particularmente importante, pois marca a institui\u00e7\u00e3o da Eucaristia e do Sacerd\u00f3cio. As par\u00f3quias realizam a Missa da \u00daltima Ceia, onde \u00e9 lembrado o momento em que Jesus compartilhou o p\u00e3o e o vinho com seus disc\u00edpulos. Este ritual \u00e9 seguido de uma cerim\u00f4nia simb\u00f3lica conhecida como Missa do Lava-p\u00e9s, que reitera os ensinamentos sobre humildade e servi\u00e7o. A Catedral de Nossa Senhora do Amparo, localizada em Amparo (SP), \u00e9 uma das principais igrejas onde se celebra a Missa dos Santos \u00d3leos, permitindo que a comunidade participe da b\u00ean\u00e7\u00e3o dos \u00f3leos utilizados nos sacramentos.<\/p>\n<h2>A import\u00e2ncia da \u00daltima Ceia<\/h2>\n<p>A \u00daltima Ceia \u00e9 central para a credo crist\u00e3o, n\u00e3o apenas pela institui\u00e7\u00e3o da Eucaristia, mas tamb\u00e9m pela \u00eanfase na uni\u00e3o entre os fi\u00e9is. Ao compartilhar o p\u00e3o e o vinho, os crist\u00e3os s\u00e3o lembrados da import\u00e2ncia da fraternidade e do amor entre as pessoas. Esta celebra\u00e7\u00e3o conecta os fi\u00e9is de diferentes culturas e \u00e9pocas na pr\u00e1tica de sua f\u00e9, criando um la\u00e7o espiritual profundo.<\/p>\n<p><img decoding=\"async\" src=\"https:\/\/www.encontraamparo.com.br\/sobre\/wp-content\/uploads\/2026\/04\/semana-santa-igrejas-abrem-celebracoes-do-triduo-pascal-nesta-quinta.webp\" alt=\"Semana Santa\" loading=\"lazy\" \/><\/p>\n<h2>Reflex\u00f5es na Sexta-feira Santa<\/h2>\n<p>A Sexta-feira Santa \u00e9 um dia de luto e contempla\u00e7\u00e3o, onde a Igreja Cat\u00f3lica prev\u00ea sil\u00eancio e jejum. Esse dia \u00e9 dedicado \u00e0 reflex\u00e3o sobre a Paix\u00e3o de Cristo, lembrando os eventos que levaram \u00e0 crucifica\u00e7\u00e3o. A Prociss\u00e3o do Senhor Morto \u00e9 um ritual marcante, sendo realizada em muitas comunidades, simbolizando a dor e a perda. Este momento convida os fi\u00e9is a meditar sobre o sofrimento e a entrega de Jesus, preparando o cora\u00e7\u00e3o para a ressurrei\u00e7\u00e3o que se aproxima.<\/p>\n<h2>Vig\u00edlia Pascal: Tradi\u00e7\u00f5es e Novidades<\/h2>\n<p>A Vig\u00edlia Pascal, realizada no S\u00e1bado Santo, \u00e9 uma celebra\u00e7\u00e3o repleta de simbolismo. Durante a noite, as par\u00f3quias realizam a b\u00ean\u00e7\u00e3o do Fogo Novo, que representa a luz de Cristo ressuscitado. Os participantes t\u00eam a oportunidade de testemunhar a Liturgia da Palavra, que narra a hist\u00f3ria da salva\u00e7\u00e3o, al\u00e9m das celebra\u00e7\u00f5es de batismos e da Liturgia Eucar\u00edstica. Este \u00e9 um momento de renova\u00e7\u00e3o e esperan\u00e7a, onde a comunidade \u00e9 chamada a celebrar a vit\u00f3ria da vida sobre a morte.<\/p>\n<h2>O Domingo de P\u00e1scoa e suas Celebra\u00e7\u00f5es<\/h2>\n<p>O Domingo de P\u00e1scoa \u00e9 o \u00e1pice da Semana Santa, celebrando a ressurrei\u00e7\u00e3o de Jesus. As par\u00f3quias realizam a Missa da Ressurrei\u00e7\u00e3o, com a participa\u00e7\u00e3o de um grande n\u00famero de fi\u00e9is. A f\u00e9 \u00e9 reafirmada atrav\u00e9s de hinos e ora\u00e7\u00f5es, onde todos se re\u00fanem para celebrar a vit\u00f3ria de Cristo. Na Pra\u00e7a Bernardino de Campos, em frente \u00e0 Igreja Matriz de Nossa Senhora da Penha, a celebra\u00e7\u00e3o come\u00e7a \u00e0s 6h00, criando um ambiente festivo e de renova\u00e7\u00e3o espiritual.<\/p>\n<h2>Como as Par\u00f3quias est\u00e3o se Preparando<\/h2>\n<p>A prepara\u00e7\u00e3o das par\u00f3quias para a Semana Santa envolve a organiza\u00e7\u00e3o das celebra\u00e7\u00f5es e a mobiliza\u00e7\u00e3o da comunidade. As sete par\u00f3quias da Forania Nossa Senhora da Penha, por exemplo, t\u00eam se empenhado em oferecer uma programa\u00e7\u00e3o rica em espiritualidade, com celebra\u00e7\u00f5es lit\u00fargicas, vig\u00edlias e eventos especiais. O envolvimento dos fi\u00e9is \u00e9 crucial neste per\u00edodo, pois os prepara moral e espiritualmente para viver intensamente esta \u00e9poca de reflex\u00e3o.<\/p>\n<h2>O papel das Redes Sociais na Divulga\u00e7\u00e3o<\/h2>\n<p>As redes sociais desempenham um papel essencial na divulga\u00e7\u00e3o das atividades da Semana Santa. As par\u00f3quias utilizam plataformas como Facebook e Instagram para informar a comunidade sobre a programa\u00e7\u00e3o, permitindo que mais pessoas participem das celebra\u00e7\u00f5es. Essa intera\u00e7\u00e3o online tamb\u00e9m serve para criar uma atmosfera de comunidade e solidariedade, reunindo os fi\u00e9is em ora\u00e7\u00e3o e reflex\u00e3o.<\/p>\n<h2>Atividades para Todos os P\u00fablicos<\/h2>\n<p>As atividades voltadas para a Semana Santa s\u00e3o diversificadas, atendendo a diferentes p\u00fablicos. Desde missas e prociss\u00f5es at\u00e9 atividades educativas para crian\u00e7as e jovens, as par\u00f3quias buscam envolver toda a fam\u00edlia. Programa\u00e7\u00f5es especiais s\u00e3o elaboradas para os mais jovens, incentivando a participa\u00e7\u00e3o ativa das novas gera\u00e7\u00f5es na viv\u00eancia da f\u00e9 cat\u00f3lica.<\/p>\n<h2>Significado Espiritual da Semana Santa<\/h2>\n<p>A Semana Santa \u00e9 um tempo de renova\u00e7\u00e3o espiritual e introspec\u00e7\u00e3o. Pode ser vista como uma oportunidade para que os fi\u00e9is se reconectem com sua f\u00e9, refletindo sobre o sacrif\u00edcio de Cristo e seu significado pessoal. A pratica da ora\u00e7\u00e3o e da medita\u00e7\u00e3o \u00e9 enfatizada, permitindo que cada um tenha uma experi\u00eancia \u00fanica e transformadora. Em suma, a Semana Santa n\u00e3o \u00e9 apenas um per\u00edodo de observ\u00e2ncia, mas um convite a viver a ess\u00eancia da f\u00e9 crist\u00e3 na plenitude do amor e da ressurrei\u00e7\u00e3o.<\/p>\n\n<div style=\"font-size: 0px; height: 0px; line-height: 0px; margin: 0; padding: 0; clear: both;\"><\/div>","protected":false},"excerpt":{"rendered":"<p>Semana Santa inicia com celebra\u00e7\u00f5es importantes nas igrejas cat\u00f3licas.<\/p>\n","protected":false},"author":1,"featured_media":1151,"comment_status":"open","ping_status":"closed","sticky":false,"template":"","format":"standard","meta":{"footnotes":""},"categories":[6],"tags":[],"class_list":["post-1152","post","type-post","status-publish","format-standard","has-post-thumbnail","hentry","category-noticias-amparo","has_thumb"],"aioseo_notices":[],"_links":{"self":[{"href":"https:\/\/www.encontraamparo.com.br\/sobre\/wp-json\/wp\/v2\/posts\/1152","targetHints":{"allow":["GET"]}}],"collection":[{"href":"https:\/\/www.encontraamparo.com.br\/sobre\/wp-json\/wp\/v2\/posts"}],"about":[{"href":"https:\/\/www.encontraamparo.com.br\/sobre\/wp-json\/wp\/v2\/types\/post"}],"author":[{"embeddable":true,"href":"https:\/\/www.encontraamparo.com.br\/sobre\/wp-json\/wp\/v2\/users\/1"}],"replies":[{"embeddable":true,"href":"https:\/\/www.encontraamparo.com.br\/sobre\/wp-json\/wp\/v2\/comments?post=1152"}],"version-history":[{"count":0,"href":"https:\/\/www.encontraamparo.com.br\/sobre\/wp-json\/wp\/v2\/posts\/1152\/revisions"}],"wp:featuredmedia":[{"embeddable":true,"href":"https:\/\/www.encontraamparo.com.br\/sobre\/wp-json\/wp\/v2\/media\/1151"}],"wp:attachment":[{"href":"https:\/\/www.encontraamparo.com.br\/sobre\/wp-json\/wp\/v2\/media?parent=1152"}],"wp:term":[{"taxonomy":"category","embeddable":true,"href":"https:\/\/www.encontraamparo.com.br\/sobre\/wp-json\/wp\/v2\/categories?post=1152"},{"taxonomy":"post_tag","embeddable":true,"href":"https:\/\/www.encontraamparo.com.br\/sobre\/wp-json\/wp\/v2\/tags?post=1152"}],"curies":[{"name":"wp","href":"https:\/\/api.w.org\/{rel}","templated":true}]}}