{"id":1062,"date":"2026-03-10T08:14:52","date_gmt":"2026-03-10T10:14:52","guid":{"rendered":"https:\/\/www.encontraamparo.com.br\/sobre\/deputado-participa-do-lancamento-da-campanha-amparo-pela-vida-2026-na-catedral-da-se\/"},"modified":"2026-03-10T08:14:52","modified_gmt":"2026-03-10T10:14:52","slug":"deputado-participa-do-lancamento-da-campanha-amparo-pela-vida-2026-na-catedral-da-se","status":"publish","type":"post","link":"https:\/\/www.encontraamparo.com.br\/sobre\/deputado-participa-do-lancamento-da-campanha-amparo-pela-vida-2026-na-catedral-da-se\/","title":{"rendered":"Deputado participa do lan\u00e7amento da campanha Amparo Pela Vida 2026 na Catedral da S\u00e9"},"content":{"rendered":"<div class=\"005b81288333650253a1d8c68cb614d0\" data-index=\"1\" style=\"float: none; margin:0px;\">\n<!-- Anuncio display - global -->\r\n<ins class=\"adsbygoogle\"\r\n     style=\"display:block\"\r\n     data-ad-client=\"ca-pub-8585364105181520\"\r\n     data-ad-slot=\"8789329856\"\r\n     data-ad-format=\"auto\"\r\n     data-full-width-responsive=\"true\"><\/ins>\r\n<script>\r\n     (adsbygoogle = window.adsbygoogle || []).push({});\r\n<\/script>\n<\/div>\n<h2>O que \u00e9 a Campanha Amparo Pela Vida?<\/h2>\n<p>A Campanha Amparo Pela Vida \u00e9 uma iniciativa voltada para o aux\u00edlio de gestantes, m\u00e3es e beb\u00eas em situa\u00e7\u00f5es de vulnerabilidade social. Com base na obra de caridade da Igreja Cat\u00f3lica, seu foco \u00e9 proporcionar acolhimento e suporte a essas mulheres, garantindo que elas recebam a assist\u00eancia necess\u00e1ria durante e ap\u00f3s a gravidez. Essa campanha \u00e9 uma extens\u00e3o do trabalho do Amparo Maternal, que h\u00e1 anos se dedica a cuidar de m\u00e3es e crian\u00e7as em condi\u00e7\u00f5es dif\u00edceis.<\/p>\n<h2>Import\u00e2ncia do Acolhimento Maternal<\/h2>\n<p>O Acolhimento Maternal \u00e9 vital em um contexto onde muitas mulheres enfrentam adversidades. Com o apoio dessa iniciativa, elas encontram um espa\u00e7o seguro para vivenciar a maternidade. Os servi\u00e7os prestados v\u00e3o al\u00e9m de abrigo, incluindo acompanhamento psicol\u00f3gico, assist\u00eancia m\u00e9dica e orienta\u00e7\u00e3o para o desenvolvimento saud\u00e1vel dos filhos. Esse acolhimento n\u00e3o apenas melhora a qualidade de vida das m\u00e3es, mas tamb\u00e9m assegura um futuro mais est\u00e1vel para as crian\u00e7as.<\/p>\n<h2>Gil Diniz e seu Compromisso com a Vida<\/h2>\n<p>O deputado estadual Gil Diniz tem demonstrado um forte compromisso com a defesa da vida atrav\u00e9s de a\u00e7\u00f5es que beneficiam o Amparo Maternal. Durante sua trajet\u00f3ria na Assembleia Legislativa, ele destinou recursos significativos para apoiar a campanha. A participa\u00e7\u00e3o dele no lan\u00e7amento da campanha em 2026 refor\u00e7a n\u00e3o apenas seu engajamento, mas tamb\u00e9m a relev\u00e2ncia dada a quest\u00f5es sociais abordadas pelo Amparo.<\/p>\n<p><img decoding=\"async\" src=\"https:\/\/www.encontraamparo.com.br\/sobre\/wp-content\/uploads\/2026\/03\/deputado-participa-do-lancamento-da-campanha-amparo-pela-vida-2026-na-catedral-da-se.webp\" alt=\"campanha Amparo Pela Vida 2026\" loading=\"lazy\" \/><\/p>\n<h2>O Papel da Igreja na Campanha<\/h2>\n<p>A Igreja Cat\u00f3lica tem um papel fundamental na Campanha Amparo Pela Vida. Sob a lideran\u00e7a do Arcebispo de S\u00e3o Paulo, Cardeal Dom Odilo Pedro Scherer, a institui\u00e7\u00e3o se responsabiliza pela administra\u00e7\u00e3o e execu\u00e7\u00e3o das atividades. O seu comprometimento n\u00e3o apenas garante a sustenta\u00e7\u00e3o da campanha, mas tamb\u00e9m promove a conscientiza\u00e7\u00e3o sobre a import\u00e2ncia da acolhida e prote\u00e7\u00e3o das m\u00e3es e seus filhos.<\/p>\n<h2>Como a Campanha Ajuda M\u00e3es e Beb\u00eas<\/h2>\n<p>A Campanha Amparo Pela Vida oferece suporte integral, que inclui desde abrigo at\u00e9 servi\u00e7os essenciais como:<\/p>\n<ul>\n<li><strong>Moradia:<\/strong> Este espa\u00e7o acolhedor \u00e9 projetado para proteger m\u00e3es e beb\u00eas de amea\u00e7as externas.<\/li>\n<li><strong>Assist\u00eancia M\u00e9dica:<\/strong> Acompanhamento pr\u00e9-natal e p\u00f3s-natal, al\u00e9m de atendimento m\u00e9dico para as necessidades das m\u00e3es.<\/li>\n<li><strong>Orienta\u00e7\u00e3o Psicol\u00f3gica:<\/strong> Suporte emocional para enfrentar desafios e traumas que possam surgir durante a maternidade.<\/li>\n<li><strong>Educa\u00e7\u00e3o e Capacita\u00e7\u00e3o:<\/strong> Programas que ensinam habilidades para a reintegra\u00e7\u00e3o no mercado de trabalho e valoriza\u00e7\u00e3o pessoal.<\/li>\n<\/ul>\n<p>Essas a\u00e7\u00f5es t\u00eam um impacto transformacional na vida das participantes da campanha, proporcionando um novo come\u00e7o para muitas fam\u00edlias.<\/p>\n<h2>Recursos Destinados \u00e0 Campanha<\/h2>\n<p>O deputado Gil Diniz tem sido um defensor ativo da campanha, destinando R$ 2,2 milh\u00f5es em emendas parlamentares para o Amparo Maternal. Esse financiamento \u00e9 crucial para sustentar as opera\u00e7\u00f5es e projetos que beneficiam diretamente as m\u00e3es e seus beb\u00eas. Os recursos s\u00e3o aplicados de forma a garantir n\u00e3o apenas a manuten\u00e7\u00e3o dos servi\u00e7os, mas tamb\u00e9m para melhorias na infraestrutura e capacidade de atendimento da institui\u00e7\u00e3o.<\/p>\n<h2>Mensagens de Esperan\u00e7a Durante o Evento<\/h2>\n<p>Durante o evento de lan\u00e7amento da Campanha Amparo Pela Vida 2026, Gil Diniz expressou seu entusiasmo e apoio \u00e0s iniciativas do Amparo Maternal. Ele citou o Cardeal Dom Odilo, que comumente usa a met\u00e1fora de Bel\u00e9m, ressaltando que todos os dias h\u00e1 uma nova oportunidade de esperan\u00e7a. O acolhimento \u00e9 visto como um verdadeiro renascimento para as m\u00e3es e seus filhos, trazendo \u00e0 tona um chamado \u00e0 a\u00e7\u00e3o e \u00e0 solidariedade social.<\/p>\n<h2>Impacto Social da Iniciativa<\/h2>\n<p>O impacto da Campanha \u00e9 evidente n\u00e3o apenas nas vidas individuais que toca, mas tamb\u00e9m na sociedade como um todo. Ao oferecer suporte a m\u00e3es em situa\u00e7\u00e3o de vulnerabilidade, a campanha contribui para a redu\u00e7\u00e3o da pobreza e da desigualdade. Estudos demonstram que quando m\u00e3es t\u00eam acesso a servi\u00e7os de qualidade, isso resulta em gera\u00e7\u00f5es mais saud\u00e1veis e educadas. Logo, a Campanha Amparo Pela Vida n\u00e3o \u00e9 apenas um apoio imediato, mas uma estrat\u00e9gia a longo prazo de investimento social.<\/p>\n<h2>Como Participar da Campanha<\/h2>\n<p>Cidad\u00e3os e organiza\u00e7\u00f5es est\u00e3o convidados a se envolverem na Campanha Amparo Pela Vida de diversas maneiras:<\/p>\n<ul>\n<li><strong>Doa\u00e7\u00f5es:<\/strong> Contribui\u00e7\u00f5es financeiras ou a doa\u00e7\u00e3o de bens materiais s\u00e3o bem-vindas e ajudam a manter os servi\u00e7os.<\/li>\n<li><strong>Voluntariado:<\/strong> Pessoas dispostas a estender a m\u00e3o e oferecer seu tempo para ajudar nas atividades do Amparo Maternal s\u00e3o sempre necess\u00e1rias.<\/li>\n<li><strong>Divulga\u00e7\u00e3o:<\/strong> Espalhar a mensagem da campanha atrav\u00e9s de redes sociais e comunidades aumenta a visibilidade e o alcance da iniciativa.<\/li>\n<\/ul>\n<p>Participar da Campanha Amparo Pela Vida \u00e9 uma forma pr\u00e1tica de contribuir para a mudan\u00e7a social e oferecer apoio \u00e0queles que mais necessitam.<\/p>\n<h2>Eventos Futuros da Campanha<\/h2>\n<p>Al\u00e9m do lan\u00e7amento, a Campanha Amparo Pela Vida 2026 contar\u00e1 com uma s\u00e9rie de eventos ao longo do ano. Estas atividades visam aumentar a conscientiza\u00e7\u00e3o e arrecadar fundos. Espera-se que eventos como bazares, jantares beneficentes e palestras suscitem a participa\u00e7\u00e3o do p\u00fablico em geral, engajando as pessoas na causa. Fique atento \u00e0s atualiza\u00e7\u00f5es sobre datas e locais para que todos possam se juntar a essa causa t\u00e3o nobre.<\/p>\n\n<div style=\"font-size: 0px; height: 0px; line-height: 0px; margin: 0; padding: 0; clear: both;\"><\/div>","protected":false},"excerpt":{"rendered":"<p>Deputado revela detalhes sobre a campanha Amparo Pela Vida 2026 na Catedral da S\u00e9.<\/p>\n","protected":false},"author":1,"featured_media":1061,"comment_status":"open","ping_status":"closed","sticky":false,"template":"","format":"standard","meta":{"footnotes":""},"categories":[6],"tags":[],"class_list":["post-1062","post","type-post","status-publish","format-standard","has-post-thumbnail","hentry","category-noticias-amparo","has_thumb"],"aioseo_notices":[],"_links":{"self":[{"href":"https:\/\/www.encontraamparo.com.br\/sobre\/wp-json\/wp\/v2\/posts\/1062","targetHints":{"allow":["GET"]}}],"collection":[{"href":"https:\/\/www.encontraamparo.com.br\/sobre\/wp-json\/wp\/v2\/posts"}],"about":[{"href":"https:\/\/www.encontraamparo.com.br\/sobre\/wp-json\/wp\/v2\/types\/post"}],"author":[{"embeddable":true,"href":"https:\/\/www.encontraamparo.com.br\/sobre\/wp-json\/wp\/v2\/users\/1"}],"replies":[{"embeddable":true,"href":"https:\/\/www.encontraamparo.com.br\/sobre\/wp-json\/wp\/v2\/comments?post=1062"}],"version-history":[{"count":0,"href":"https:\/\/www.encontraamparo.com.br\/sobre\/wp-json\/wp\/v2\/posts\/1062\/revisions"}],"wp:featuredmedia":[{"embeddable":true,"href":"https:\/\/www.encontraamparo.com.br\/sobre\/wp-json\/wp\/v2\/media\/1061"}],"wp:attachment":[{"href":"https:\/\/www.encontraamparo.com.br\/sobre\/wp-json\/wp\/v2\/media?parent=1062"}],"wp:term":[{"taxonomy":"category","embeddable":true,"href":"https:\/\/www.encontraamparo.com.br\/sobre\/wp-json\/wp\/v2\/categories?post=1062"},{"taxonomy":"post_tag","embeddable":true,"href":"https:\/\/www.encontraamparo.com.br\/sobre\/wp-json\/wp\/v2\/tags?post=1062"}],"curies":[{"name":"wp","href":"https:\/\/api.w.org\/{rel}","templated":true}]}}