{"id":1032,"date":"2026-03-02T08:32:04","date_gmt":"2026-03-02T10:32:04","guid":{"rendered":"https:\/\/www.encontraamparo.com.br\/sobre\/fenix-assume-o-transporte-publico-de-amparo\/"},"modified":"2026-03-02T08:32:04","modified_gmt":"2026-03-02T10:32:04","slug":"fenix-assume-o-transporte-publico-de-amparo","status":"publish","type":"post","link":"https:\/\/www.encontraamparo.com.br\/sobre\/fenix-assume-o-transporte-publico-de-amparo\/","title":{"rendered":"F\u00eanix assume o transporte p\u00fablico de Amparo"},"content":{"rendered":"<div class=\"005b81288333650253a1d8c68cb614d0\" data-index=\"1\" style=\"float: none; margin:0px;\">\n<!-- Anuncio display - global -->\r\n<ins class=\"adsbygoogle\"\r\n     style=\"display:block\"\r\n     data-ad-client=\"ca-pub-8585364105181520\"\r\n     data-ad-slot=\"8789329856\"\r\n     data-ad-format=\"auto\"\r\n     data-full-width-responsive=\"true\"><\/ins>\r\n<script>\r\n     (adsbygoogle = window.adsbygoogle || []).push({});\r\n<\/script>\n<\/div>\n<h2>Mudan\u00e7as no Transporte P\u00fablico<\/h2>\n<p>A Expresso F\u00eanix, integrante do Grupo F\u00eanix, celebrou um acordo com a Prefeitura de Amparo para realizar a gest\u00e3o do transporte coletivo na cidade. Este conv\u00eanio, classificado como emergencial, estabelece que a tarifa para usu\u00e1rios do Cart\u00e3o Cidad\u00e3o permanece em R$ 2,75. Para aqueles que optarem pelo pagamento em dinheiro na catraca, o custo se mant\u00e9m em R$ 5,00.<\/p>\n<p>Os benefici\u00e1rios do Vale Transporte pagar\u00e3o R$ 4,45, enquanto os estudantes continuar\u00e3o a desfrutar do desconto de 50%, resultando em uma tarifa de apenas R$ 2,50. O Grupo F\u00eanix iniciar\u00e1 suas atividades em Amparo \u00e0 meia-noite do dia 29 de outubro, oferecendo pre\u00e7os atrativos e comprometendo-se a estar imediatamente \u00e0 disposi\u00e7\u00e3o dos usu\u00e1rios, com a totalidade da frota dispon\u00edvel conforme o acordo estabelecido.<\/p>\n<p>Para facilitar a adapta\u00e7\u00e3o dos usu\u00e1rios, a companhia disponibilizar\u00e1 os primeiros sete dias de opera\u00e7\u00e3o sem custo, de 29 de outubro a 4 de novembro.<\/p>\n<p><img decoding=\"async\" src=\"https:\/\/www.encontraamparo.com.br\/sobre\/wp-content\/uploads\/2026\/03\/fenix-assume-o-transporte-publico-de-amparo.webp\" alt=\"transporte p\u00fablico\" loading=\"lazy\" \/><\/p>\n<h2>Tarifas e Valores Atualizados<\/h2>\n<p>As tarifas que foram estabelecidas refletem a inten\u00e7\u00e3o de oferecer um servi\u00e7o acess\u00edvel a todos os cidad\u00e3os de Amparo. A estrutura tarif\u00e1ria \u00e9 a seguinte:<\/p>\n<ul>\n<li><strong>Cart\u00e3o Cidad\u00e3o:<\/strong> R$ 2,75<\/li>\n<li><strong>Pagamento em Dinheiro:<\/strong> R$ 5,00<\/li>\n<li><strong>Vale Transporte:<\/strong> R$ 4,45<\/li>\n<li><strong>Estudantes:<\/strong> R$ 2,50 (com desconto de 50%)<\/li>\n<\/ul>\n<p>Com estas tarifas, a Expresso F\u00eanix visa garantir a mobilidade urbana e facilitar o acesso ao transporte p\u00fablico para diferentes categorias de usu\u00e1rios.<\/p>\n<h2>Frota Adaptada e Ecol\u00f3gica<\/h2>\n<p>A opera\u00e7\u00e3o da nova empresa ser\u00e1 realizada com um total de 12 linhas de transporte, utilizando 10 ve\u00edculos, dos quais nove s\u00e3o \u00f4nibus convencionais e um \u00e9 um micro-\u00f4nibus. Todos estes ve\u00edculos est\u00e3o adaptados para atender pessoas com defici\u00eancia e mobilidade reduzida.<\/p>\n<p>Os \u00f4nibus utilizar\u00e3o biocombust\u00edveis, especificamente S10 e Arla 32, e est\u00e3o equipados com tecnologia moderna a fim de minimizar a emiss\u00e3o de poluentes no ar. Apesar de o edital exigir uma idade m\u00e9dia da frota de at\u00e9 7 anos por se tratar de um contrato emergencial de seis meses, o Grupo F\u00eanix assegurou que atuar\u00e1 com uma idade m\u00e9dia inferior, de apenas 4 anos.<\/p>\n<h2>Cadastro de Usu\u00e1rios<\/h2>\n<p>O cadastramento dos usu\u00e1rios do transporte coletivo pela Expresso F\u00eanix ter\u00e1 in\u00edcio na quinta-feira, dia 27. \u00c9 importante observar que a primeira via do cart\u00e3o de Bilhete Eletr\u00f4nico n\u00e3o ter\u00e1 custo, e o cadastro poder\u00e1 ser feito atrav\u00e9s da internet no site <a href=\"http:\/\/www.fenixfacil.com.br\/amparo\">www.fenixfacil.com.br\/amparo<\/a> ou presencialmente, mediante agendamento no mesmo site.<\/p>\n<h2>Benef\u00edcios do Vale Transporte<\/h2>\n<p>As empresas que adquirem Vale Transporte t\u00eam a op\u00e7\u00e3o de efetuar o cadastro e aquisi\u00e7\u00e3o desse benef\u00edcio para seus colaboradores diretamente no site da Expresso F\u00eanix. Isso simplifica a gest\u00e3o dos transportes para funcion\u00e1rios, promovendo uma efici\u00eancia maior nas opera\u00e7\u00f5es empresariais.<\/p>\n<h2>Contrata\u00e7\u00e3o de Funcion\u00e1rios<\/h2>\n<p>Conforme instru\u00e7\u00f5es da administra\u00e7\u00e3o municipal, ser\u00e1 dada prioridade na contrata\u00e7\u00e3o de ex-funcion\u00e1rios da antiga operadora de transporte, desde que os candidatos sejam aprovados no processo seletivo. O Grupo F\u00eanix procurar\u00e1 preencher vagas para motoristas, mec\u00e2nicos, borracheiros, eletricistas e funileiros. O processo seletivo ter\u00e1 in\u00edcio nesta quarta-feira, 26 de outubro de 2022, a partir das 14h00, na Pra\u00e7a Jorge Pires de Godoy, e continuar\u00e1 at\u00e9 que todas as vagas sejam preenchidas, com atendimento das 9h00 \u00e0s 17h00.<\/p>\n<p>Os interessados em outras fun\u00e7\u00f5es devem enviar curr\u00edculos por e-mail para <a href=\"mailto:vagas@expressofenix.com.br\">vagas@expressofenix.com.br<\/a> ou se cadastrar atrav\u00e9s do WhatsApp (11) 96196-8870, que \u00e9 exclusivo para este fim.<\/p>\n<h2>Atendendo a Munic\u00edpios<\/h2>\n<p>A Expresso F\u00eanix se compromete a atender n\u00e3o apenas Amparo, mas tamb\u00e9m a dispor de servi\u00e7os r\u00e1pidos e de qualidade para os munic\u00edpios atendidos. O foco em um atendimento excepcional \u00e9 uma prioridade para a empresa, que busca diariamente melhorar a experi\u00eancia do usu\u00e1rio no sistema de transporte p\u00fablico.<\/p>\n<h2>Novidades no Atendimento ao Cliente<\/h2>\n<p>Para facilitar a comunica\u00e7\u00e3o entre a popula\u00e7\u00e3o e a nova operadora, a Expresso F\u00eanix disponibiliza um Servi\u00e7o de Atendimento ao Cliente (SAC) atrav\u00e9s do aplicativo WhatsApp, com o n\u00famero (11) 96497-9861. Isso garante que d\u00favidas, sugest\u00f5es e reclama\u00e7\u00f5es possam ser tratadas de forma r\u00e1pida e eficaz.<\/p>\n<h2>Como Funciona a Bilhetagem Eletr\u00f4nica<\/h2>\n<p>A introdu\u00e7\u00e3o do sistema de bilhetagem eletr\u00f4nica facilitar\u00e1 o acesso e a gest\u00e3o das tarifas, proporcionando maior comodidade. Os usu\u00e1rios que possu\u00edrem cr\u00e9ditos nos cart\u00f5es da antiga operadora poder\u00e3o transferi-los para o novo sistema. Para isso, dever\u00e3o acessar o link <a href=\"https:\/\/amparo.sp.gov.br\/transferencia-de-saldo-transporte-publico\">https:\/\/amparo.sp.gov.br\/transferencia-de-saldo-transporte-publico<\/a> e seguir as orienta\u00e7\u00f5es apresentadas. O prazo para efetuar essa transfer\u00eancia se encerra em 18 de novembro de 2022.<\/p>\n<h2>Expectativas para o Futuro do Transporte<\/h2>\n<p>As expectativas para o futuro do transporte p\u00fablico em Amparo s\u00e3o positivas e abrangem a esperan\u00e7a de que, com a implementa\u00e7\u00e3o desse novo sistema, o servi\u00e7o torne-se cada vez mais eficiente e respons\u00e1vel. A administra\u00e7\u00e3o municipal e a Expresso F\u00eanix trabalham em conjunto para garantir que a popula\u00e7\u00e3o tenha \u00e0 sua disposi\u00e7\u00e3o um transporte de qualidade, com tarifas justas e um atendimento que satisfa\u00e7a as necessidades da comunidade.<\/p>\n\n<div style=\"font-size: 0px; height: 0px; line-height: 0px; margin: 0; padding: 0; clear: both;\"><\/div>","protected":false},"excerpt":{"rendered":"<p>Circuito de Not\u00edcias traz novidades sobre F\u00eanix e transporte p\u00fablico em Amparo.<\/p>\n","protected":false},"author":1,"featured_media":1031,"comment_status":"open","ping_status":"closed","sticky":false,"template":"","format":"standard","meta":{"footnotes":""},"categories":[6],"tags":[],"class_list":["post-1032","post","type-post","status-publish","format-standard","has-post-thumbnail","hentry","category-noticias-amparo","has_thumb"],"aioseo_notices":[],"_links":{"self":[{"href":"https:\/\/www.encontraamparo.com.br\/sobre\/wp-json\/wp\/v2\/posts\/1032","targetHints":{"allow":["GET"]}}],"collection":[{"href":"https:\/\/www.encontraamparo.com.br\/sobre\/wp-json\/wp\/v2\/posts"}],"about":[{"href":"https:\/\/www.encontraamparo.com.br\/sobre\/wp-json\/wp\/v2\/types\/post"}],"author":[{"embeddable":true,"href":"https:\/\/www.encontraamparo.com.br\/sobre\/wp-json\/wp\/v2\/users\/1"}],"replies":[{"embeddable":true,"href":"https:\/\/www.encontraamparo.com.br\/sobre\/wp-json\/wp\/v2\/comments?post=1032"}],"version-history":[{"count":0,"href":"https:\/\/www.encontraamparo.com.br\/sobre\/wp-json\/wp\/v2\/posts\/1032\/revisions"}],"wp:featuredmedia":[{"embeddable":true,"href":"https:\/\/www.encontraamparo.com.br\/sobre\/wp-json\/wp\/v2\/media\/1031"}],"wp:attachment":[{"href":"https:\/\/www.encontraamparo.com.br\/sobre\/wp-json\/wp\/v2\/media?parent=1032"}],"wp:term":[{"taxonomy":"category","embeddable":true,"href":"https:\/\/www.encontraamparo.com.br\/sobre\/wp-json\/wp\/v2\/categories?post=1032"},{"taxonomy":"post_tag","embeddable":true,"href":"https:\/\/www.encontraamparo.com.br\/sobre\/wp-json\/wp\/v2\/tags?post=1032"}],"curies":[{"name":"wp","href":"https:\/\/api.w.org\/{rel}","templated":true}]}}