{"id":1016,"date":"2026-02-27T08:30:53","date_gmt":"2026-02-27T10:30:53","guid":{"rendered":"https:\/\/www.encontraamparo.com.br\/sobre\/flavio-dino-dobra-a-aposta-no-tema-dos-supersalarios\/"},"modified":"2026-02-27T08:30:53","modified_gmt":"2026-02-27T10:30:53","slug":"flavio-dino-dobra-a-aposta-no-tema-dos-supersalarios","status":"publish","type":"post","link":"https:\/\/www.encontraamparo.com.br\/sobre\/flavio-dino-dobra-a-aposta-no-tema-dos-supersalarios\/","title":{"rendered":"Fl\u00e1vio Dino dobra a aposta no tema dos supersal\u00e1rios"},"content":{"rendered":"<div class=\"005b81288333650253a1d8c68cb614d0\" data-index=\"1\" style=\"float: none; margin:0px;\">\n<!-- Anuncio display - global -->\r\n<ins class=\"adsbygoogle\"\r\n     style=\"display:block\"\r\n     data-ad-client=\"ca-pub-8585364105181520\"\r\n     data-ad-slot=\"8789329856\"\r\n     data-ad-format=\"auto\"\r\n     data-full-width-responsive=\"true\"><\/ins>\r\n<script>\r\n     (adsbygoogle = window.adsbygoogle || []).push({});\r\n<\/script>\n<\/div>\n<h2>O que s\u00e3o Supersal\u00e1rios?<\/h2>\n<p>Os supersal\u00e1rios s\u00e3o remunera\u00e7\u00f5es que superam significativamente os limites estabelecidos por legisla\u00e7\u00f5es, tornando-se um tema pol\u00eamico no debate p\u00fablico. No Brasil, esses sal\u00e1rios exorbitantes t\u00eam sido um foco constante de cr\u00edticas, especialmente quando se considera o contexto de uma crescente press\u00e3o sobre as finan\u00e7as p\u00fablicas e a necessidade de reformas administrativas no setor p\u00fablico.<\/p>\n<h2>A In\u00e9rcia do Governo e do Congresso<\/h2>\n<p>Uma quest\u00e3o alarmante \u00e9 a aparente inatividade do governo e do Congresso em abordar a quest\u00e3o dos supersal\u00e1rios. Em um pa\u00eds onde as contas p\u00fablicas enfrentam s\u00e9rias dificuldades, a falta de iniciativas concretas para a reforma administrativa demonstra um grave descaso. A estrutura de compensa\u00e7\u00e3o no setor p\u00fablico, que frequentemente inclui benef\u00edcios e penduricalhos, continua sem supervis\u00e3o adequada, perpetuando um sistema que exige a\u00e7\u00f5es urgentes.<\/p>\n<h2>Decis\u00e3o de Fl\u00e1vio Dino: O que muda?<\/h2>\n<p>Recentemente, o novo ministro Fl\u00e1vio Dino tomou medidas significativas para lidar com os supersal\u00e1rios. Mediante a determina\u00e7\u00e3o de realizar uma ampla auditoria, ele estipulou que estados e munic\u00edpios t\u00eam um prazo de 60 dias para identificar quais pagamentos realizados est\u00e3o amparados legalmente e qual a natureza dos penduricalhos. Essa decis\u00e3o visa iniciar um processo de desmantelamento de estruturas de remunera\u00e7\u00e3o que n\u00e3o t\u00eam base legal clara.<\/p>\n<p><img decoding=\"async\" src=\"https:\/\/www.encontraamparo.com.br\/sobre\/wp-content\/uploads\/2026\/02\/flavio-dino-dobra-a-aposta-no-tema-dos-supersalarios.webp\" alt=\"supersal\u00e1rios\" loading=\"lazy\" \/><\/p>\n<h2>Impactos da Proposta nos Funcion\u00e1rios P\u00fablicos<\/h2>\n<p>As implica\u00e7\u00f5es dessa decis\u00e3o s\u00e3o vastas. Em um cen\u00e1rio onde muitos servidores p\u00fablicos est\u00e3o habituados a receber benef\u00edcios extras e remunera\u00e7\u00f5es elevados, a abordagem de Dino pode afetar diretamente suas compensa\u00e7\u00f5es. Embora a proposta vise a equidade e a transpar\u00eancia, pode tamb\u00e9m gerar rea\u00e7\u00f5es negativas de alguns setores e lideran\u00e7as corporativas que se op\u00f5em \u00e0 restri\u00e7\u00e3o dos supersal\u00e1rios.<\/p>\n<h2>Reforma Administrativa: Necessidade Urgente<\/h2>\n<p>A reforma administrativa \u00e9 um tema que ocupa o centro das discuss\u00f5es desde h\u00e1 muito. Para muitos especialistas, a moderniza\u00e7\u00e3o do funcionalismo p\u00fablico e a revis\u00e3o das estruturas salariais s\u00e3o essenciais para tornar o governo brasileiro mais eficiente e respons\u00e1vel. A press\u00e3o para que o Congresso atue em processo de reforma se intensifica, visto que a responsabilidade pol\u00edtica para sanar as quest\u00f5es de supersal\u00e1rios exige um compromisso firme por parte dos legisladores.<\/p>\n<h2>Decis\u00f5es Monocr\u00e1ticas do STF<\/h2>\n<p>As interven\u00e7\u00f5es do Supremo Tribunal Federal (STF) em mat\u00e9ria administrativa, como a a\u00e7\u00e3o de Fl\u00e1vio Dino, levantam quest\u00f5es sobre o ativismo judicial. Embora tais medidas possam ser necess\u00e1rias diante da in\u00e9rcia legislativa, criam tamb\u00e9m um cen\u00e1rio de tens\u00e3o entre os poderes. A responsabilidade por legislar e reformar cabe ao Congresso, e a necessidade de um impulso judicial para equilibrar a situa\u00e7\u00e3o pode ser vista com ceticismo por muitos analistas.<\/p>\n<h2>Rea\u00e7\u00f5es \u00e0 Proposta de Fl\u00e1vio Dino<\/h2>\n<p>A rea\u00e7\u00e3o a esta nova abordagem n\u00e3o tardou a surgir. V\u00e1rios representantes do funcionalismo recha\u00e7aram a proposta, destacando a import\u00e2ncia de certos penduricalhos para suas compensa\u00e7\u00f5es. Por outro lado, a popula\u00e7\u00e3o em geral mostra-se mais alerta \u00e0 quest\u00e3o, requerendo uma gest\u00e3o p\u00fablica mais eficiente e menos onerosa. A legisla\u00e7\u00e3o proposta pode gerar um campo f\u00e9rtil para debates acalorados nas pr\u00f3ximas semanas.<\/p>\n<h2>Desafios da Implementa\u00e7\u00e3o<\/h2>\n<p>Implementar as novas diretrizes definidas por Fl\u00e1vio Dino n\u00e3o ser\u00e1 uma tarefa simples. O desafio consiste na capacidade do governo em supervisionar adequadamente as medidas e garantir a conformidade dos estados e munic\u00edpios. Al\u00e9m das resist\u00eancias esperadas, a pr\u00f3pria falta de dados e de sistemas de controle pode dificultar a execu\u00e7\u00e3o dessas pol\u00edticas, comprometendo os objetivos de equidade e transpar\u00eancia.<\/p>\n<h2>O Papel do Congresso Nacional<\/h2>\n<p>O Congresso Nacional tem um papel crucial na resolu\u00e7\u00e3o dessa quest\u00e3o. Como mediador e legislador principal, \u00e9 sua responsabilidade desenvolver uma legisla\u00e7\u00e3o complementar que defina claramente o que caracteriza um supersal\u00e1rio, al\u00e9m de estabelecer limites e regras para a remunera\u00e7\u00e3o do funcionalismo. O apelo de Dino para que o Congresso atue \u00e9 um sinal de que, se o legislativo continuar inerte, o judici\u00e1rio poder\u00e1 intervir ainda mais, em um ciclo que pode levar a uma crescente judicializa\u00e7\u00e3o das pol\u00edticas p\u00fablicas.<\/p>\n<h2>Futuro dos Supersal\u00e1rios no Brasil<\/h2>\n<p>O futuro dos supersal\u00e1rios no Brasil permanece incerto. \u00c0 medida que as demandas por uma gest\u00e3o p\u00fablica mais respons\u00e1vel e transparente aumentam, ser\u00e1 fundamental observar como o governo reage a essa situa\u00e7\u00e3o. A proposta de Fl\u00e1vio Dino \u00e9 um passo importante, mas o sucesso depende de um esfor\u00e7o conjunto entre os v\u00e1rios poderes do Estado e a necessidade de reformas substanciais. Assim, a press\u00e3o por mudan\u00e7a se intensificar\u00e1, enquanto a sociedade continua a exigir responsabilidade e transpar\u00eancia nas finan\u00e7as p\u00fablicas.<\/p>\n\n<div style=\"font-size: 0px; height: 0px; line-height: 0px; margin: 0; padding: 0; clear: both;\"><\/div>","protected":false},"excerpt":{"rendered":"<p>Supersal\u00e1rios: entenda a proposta de Fl\u00e1vio Dino para reforma administrativa.<\/p>\n","protected":false},"author":1,"featured_media":1015,"comment_status":"open","ping_status":"closed","sticky":false,"template":"","format":"standard","meta":{"footnotes":""},"categories":[6],"tags":[],"class_list":["post-1016","post","type-post","status-publish","format-standard","has-post-thumbnail","hentry","category-noticias-amparo","has_thumb"],"aioseo_notices":[],"_links":{"self":[{"href":"https:\/\/www.encontraamparo.com.br\/sobre\/wp-json\/wp\/v2\/posts\/1016","targetHints":{"allow":["GET"]}}],"collection":[{"href":"https:\/\/www.encontraamparo.com.br\/sobre\/wp-json\/wp\/v2\/posts"}],"about":[{"href":"https:\/\/www.encontraamparo.com.br\/sobre\/wp-json\/wp\/v2\/types\/post"}],"author":[{"embeddable":true,"href":"https:\/\/www.encontraamparo.com.br\/sobre\/wp-json\/wp\/v2\/users\/1"}],"replies":[{"embeddable":true,"href":"https:\/\/www.encontraamparo.com.br\/sobre\/wp-json\/wp\/v2\/comments?post=1016"}],"version-history":[{"count":0,"href":"https:\/\/www.encontraamparo.com.br\/sobre\/wp-json\/wp\/v2\/posts\/1016\/revisions"}],"wp:featuredmedia":[{"embeddable":true,"href":"https:\/\/www.encontraamparo.com.br\/sobre\/wp-json\/wp\/v2\/media\/1015"}],"wp:attachment":[{"href":"https:\/\/www.encontraamparo.com.br\/sobre\/wp-json\/wp\/v2\/media?parent=1016"}],"wp:term":[{"taxonomy":"category","embeddable":true,"href":"https:\/\/www.encontraamparo.com.br\/sobre\/wp-json\/wp\/v2\/categories?post=1016"},{"taxonomy":"post_tag","embeddable":true,"href":"https:\/\/www.encontraamparo.com.br\/sobre\/wp-json\/wp\/v2\/tags?post=1016"}],"curies":[{"name":"wp","href":"https:\/\/api.w.org\/{rel}","templated":true}]}}